{"id":12637,"date":"2022-04-12T15:10:10","date_gmt":"2022-04-12T15:10:10","guid":{"rendered":"https:\/\/fmdelpueblo.ar\/?p=12637"},"modified":"2022-04-12T15:10:10","modified_gmt":"2022-04-12T15:10:10","slug":"macri-se-mostro-con-larreta-y-critico-con-dureza-a-los-camioneros-hartos-de-tener-miedo-y-retroceder","status":"publish","type":"post","link":"http:\/\/fmdelpueblo.ar\/?p=12637","title":{"rendered":"Macri se mostr\u00f3 con Larreta y critic\u00f3 con dureza a los camioneros: \u00abHartos de tener miedo y retroceder\u00bb"},"content":{"rendered":"<\/p>\n<p>El ex presidente se mostr\u00f3 con el Jefe de Gobierno recorriendo una escuela y apunt\u00f3 contra los l\u00edderes de Camioneros, Hugo y Pablo Moyano.  <a href=\"https:\/\/www.perfil.com\/noticias\/politica\/macri-se-mostro-con-larreta-y-critico-con-dureza-a-los-camioneros-hartos-de-tener-miedo-y-retroceder.phtml\">Leer m\u00e1s<\/a><\/p>\n","protected":false},"excerpt":{"rendered":"<p>El ex presidente se mostr\u00f3 con el Jefe de Gobierno recorriendo una escuela y apunt\u00f3 contra los l\u00edderes de Camioneros, Hugo y Pablo Moyano. Leer m\u00e1s<\/p>\n","protected":false},"author":0,"featured_media":0,"comment_status":"","ping_status":"","sticky":false,"template":"","format":"standard","meta":{"footnotes":""},"categories":[1],"tags":[],"class_list":["post-12637","post","type-post","status-publish","format-standard","hentry","category-sin-categoria"],"_links":{"self":[{"href":"http:\/\/fmdelpueblo.ar\/index.php?rest_route=\/wp\/v2\/posts\/12637","targetHints":{"allow":["GET"]}}],"collection":[{"href":"http:\/\/fmdelpueblo.ar\/index.php?rest_route=\/wp\/v2\/posts"}],"about":[{"href":"http:\/\/fmdelpueblo.ar\/index.php?rest_route=\/wp\/v2\/types\/post"}],"replies":[{"embeddable":true,"href":"http:\/\/fmdelpueblo.ar\/index.php?rest_route=%2Fwp%2Fv2%2Fcomments&post=12637"}],"version-history":[{"count":0,"href":"http:\/\/fmdelpueblo.ar\/index.php?rest_route=\/wp\/v2\/posts\/12637\/revisions"}],"wp:attachment":[{"href":"http:\/\/fmdelpueblo.ar\/index.php?rest_route=%2Fwp%2Fv2%2Fmedia&parent=12637"}],"wp:term":[{"taxonomy":"category","embeddable":true,"href":"http:\/\/fmdelpueblo.ar\/index.php?rest_route=%2Fwp%2Fv2%2Fcategories&post=12637"},{"taxonomy":"post_tag","embeddable":true,"href":"http:\/\/fmdelpueblo.ar\/index.php?rest_route=%2Fwp%2Fv2%2Ftags&post=12637"}],"curies":[{"name":"wp","href":"https:\/\/api.w.org\/{rel}","templated":true}]}}