{"id":12636,"date":"2022-04-12T15:10:10","date_gmt":"2022-04-12T15:10:10","guid":{"rendered":"https:\/\/fmdelpueblo.ar\/?p=12636"},"modified":"2022-04-12T15:10:10","modified_gmt":"2022-04-12T15:10:10","slug":"felipe-miguel-mauricio-macri-dio-amplias-muestras-de-su-conviccion-respecto-del-federalismo","status":"publish","type":"post","link":"http:\/\/fmdelpueblo.ar\/?p=12636","title":{"rendered":"Felipe Miguel: \u00abMauricio Macri dio amplias muestras de su convicci\u00f3n respecto del federalismo\u00bb"},"content":{"rendered":"<\/p>\n<p>El jefe de Gabinete de la Ciudad habl\u00f3 con Jorge Fontevecchia en Radio Perfil sobre las cr\u00edticas al ex presidente Macri y un posible crecimiento del sentimiento antiporte\u00f1o. Adem\u00e1s, se refiri\u00f3 a los cortes de calles y a la manifestaci\u00f3n de ayer en el INCAA. Escuch\u00e1 el audio completo. <a href=\"https:\/\/www.perfil.com\/noticias\/modo-fontevecchia\/felipe-miguel-macri-dio-amplias-muestras-de-su-conviccion-respecto-del-federalismo-modof.phtml\">Leer m\u00e1s<\/a><\/p>\n","protected":false},"excerpt":{"rendered":"<p>El jefe de Gabinete de la Ciudad habl\u00f3 con Jorge Fontevecchia en Radio Perfil sobre las cr\u00edticas al ex presidente Macri y un posible crecimiento del sentimiento antiporte\u00f1o. Adem\u00e1s, se refiri\u00f3 a los cortes de calles y a la manifestaci\u00f3n de ayer en el INCAA. Escuch\u00e1 el audio completo. Leer m\u00e1s<\/p>\n","protected":false},"author":0,"featured_media":0,"comment_status":"","ping_status":"","sticky":false,"template":"","format":"standard","meta":{"footnotes":""},"categories":[1],"tags":[],"class_list":["post-12636","post","type-post","status-publish","format-standard","hentry","category-sin-categoria"],"_links":{"self":[{"href":"http:\/\/fmdelpueblo.ar\/index.php?rest_route=\/wp\/v2\/posts\/12636","targetHints":{"allow":["GET"]}}],"collection":[{"href":"http:\/\/fmdelpueblo.ar\/index.php?rest_route=\/wp\/v2\/posts"}],"about":[{"href":"http:\/\/fmdelpueblo.ar\/index.php?rest_route=\/wp\/v2\/types\/post"}],"replies":[{"embeddable":true,"href":"http:\/\/fmdelpueblo.ar\/index.php?rest_route=%2Fwp%2Fv2%2Fcomments&post=12636"}],"version-history":[{"count":0,"href":"http:\/\/fmdelpueblo.ar\/index.php?rest_route=\/wp\/v2\/posts\/12636\/revisions"}],"wp:attachment":[{"href":"http:\/\/fmdelpueblo.ar\/index.php?rest_route=%2Fwp%2Fv2%2Fmedia&parent=12636"}],"wp:term":[{"taxonomy":"category","embeddable":true,"href":"http:\/\/fmdelpueblo.ar\/index.php?rest_route=%2Fwp%2Fv2%2Fcategories&post=12636"},{"taxonomy":"post_tag","embeddable":true,"href":"http:\/\/fmdelpueblo.ar\/index.php?rest_route=%2Fwp%2Fv2%2Ftags&post=12636"}],"curies":[{"name":"wp","href":"https:\/\/api.w.org\/{rel}","templated":true}]}}