{"id":12634,"date":"2022-04-12T15:10:09","date_gmt":"2022-04-12T15:10:09","guid":{"rendered":"https:\/\/fmdelpueblo.ar\/?p=12634"},"modified":"2022-04-12T15:10:09","modified_gmt":"2022-04-12T15:10:09","slug":"diputados-continua-trabajando-en-la-ley-de-alquileres-participan-inmobiliarias-y-vecinos","status":"publish","type":"post","link":"http:\/\/fmdelpueblo.ar\/?p=12634","title":{"rendered":"Diputados contin\u00faa trabajando en la Ley de alquileres: participan inmobiliarias y vecinos"},"content":{"rendered":"<\/p>\n<p>A partir del mediod\u00eda se re\u00fane la comisi\u00f3n de Legislaci\u00f3n General para avanzar en propuestas para la Ley 27.551  <a href=\"https:\/\/www.perfil.com\/noticias\/politica\/diputados-continua-trabajando-en-la-ley-de-alquileres-participan-inmobiliarias-y-vecinos.phtml\">Leer m\u00e1s<\/a><\/p>\n","protected":false},"excerpt":{"rendered":"<p>A partir del mediod\u00eda se re\u00fane la comisi\u00f3n de Legislaci\u00f3n General para avanzar en propuestas para la Ley 27.551 Leer m\u00e1s<\/p>\n","protected":false},"author":0,"featured_media":0,"comment_status":"","ping_status":"","sticky":false,"template":"","format":"standard","meta":{"footnotes":""},"categories":[1],"tags":[],"class_list":["post-12634","post","type-post","status-publish","format-standard","hentry","category-sin-categoria"],"_links":{"self":[{"href":"http:\/\/fmdelpueblo.ar\/index.php?rest_route=\/wp\/v2\/posts\/12634","targetHints":{"allow":["GET"]}}],"collection":[{"href":"http:\/\/fmdelpueblo.ar\/index.php?rest_route=\/wp\/v2\/posts"}],"about":[{"href":"http:\/\/fmdelpueblo.ar\/index.php?rest_route=\/wp\/v2\/types\/post"}],"replies":[{"embeddable":true,"href":"http:\/\/fmdelpueblo.ar\/index.php?rest_route=%2Fwp%2Fv2%2Fcomments&post=12634"}],"version-history":[{"count":0,"href":"http:\/\/fmdelpueblo.ar\/index.php?rest_route=\/wp\/v2\/posts\/12634\/revisions"}],"wp:attachment":[{"href":"http:\/\/fmdelpueblo.ar\/index.php?rest_route=%2Fwp%2Fv2%2Fmedia&parent=12634"}],"wp:term":[{"taxonomy":"category","embeddable":true,"href":"http:\/\/fmdelpueblo.ar\/index.php?rest_route=%2Fwp%2Fv2%2Fcategories&post=12634"},{"taxonomy":"post_tag","embeddable":true,"href":"http:\/\/fmdelpueblo.ar\/index.php?rest_route=%2Fwp%2Fv2%2Ftags&post=12634"}],"curies":[{"name":"wp","href":"https:\/\/api.w.org\/{rel}","templated":true}]}}