{"id":12633,"date":"2022-04-12T14:09:33","date_gmt":"2022-04-12T14:09:33","guid":{"rendered":"https:\/\/fmdelpueblo.ar\/?p=12633"},"modified":"2022-04-12T14:09:33","modified_gmt":"2022-04-12T14:09:33","slug":"ofelia-fernandez-presento-un-proyecto-para-modificar-el-sistema-de-comedores-en-escuelas-portenas","status":"publish","type":"post","link":"http:\/\/fmdelpueblo.ar\/?p=12633","title":{"rendered":"Ofelia Fern\u00e1ndez present\u00f3 un proyecto para modificar el sistema de comedores en escuelas porte\u00f1as"},"content":{"rendered":"<\/p>\n<p>La legisladora del Frente de Todos dijo que los alimentos que reciben los estudiantes en escuelas p\u00fablicas \u00abintoxican y son de p\u00e9sima calidad\u00bb.\u00a0 <a href=\"https:\/\/www.perfil.com\/noticias\/politica\/ofelia-fernandez-presento-un-proyecto-que-busca-modificar-el-sistema-de-comedores-en-escuelas-portenas.phtml\">Leer m\u00e1s<\/a><\/p>\n","protected":false},"excerpt":{"rendered":"<p>La legisladora del Frente de Todos dijo que los alimentos que reciben los estudiantes en escuelas p\u00fablicas \u00abintoxican y son de p\u00e9sima calidad\u00bb.\u00a0 Leer m\u00e1s<\/p>\n","protected":false},"author":0,"featured_media":0,"comment_status":"","ping_status":"","sticky":false,"template":"","format":"standard","meta":{"footnotes":""},"categories":[1],"tags":[],"class_list":["post-12633","post","type-post","status-publish","format-standard","hentry","category-sin-categoria"],"_links":{"self":[{"href":"http:\/\/fmdelpueblo.ar\/index.php?rest_route=\/wp\/v2\/posts\/12633","targetHints":{"allow":["GET"]}}],"collection":[{"href":"http:\/\/fmdelpueblo.ar\/index.php?rest_route=\/wp\/v2\/posts"}],"about":[{"href":"http:\/\/fmdelpueblo.ar\/index.php?rest_route=\/wp\/v2\/types\/post"}],"replies":[{"embeddable":true,"href":"http:\/\/fmdelpueblo.ar\/index.php?rest_route=%2Fwp%2Fv2%2Fcomments&post=12633"}],"version-history":[{"count":0,"href":"http:\/\/fmdelpueblo.ar\/index.php?rest_route=\/wp\/v2\/posts\/12633\/revisions"}],"wp:attachment":[{"href":"http:\/\/fmdelpueblo.ar\/index.php?rest_route=%2Fwp%2Fv2%2Fmedia&parent=12633"}],"wp:term":[{"taxonomy":"category","embeddable":true,"href":"http:\/\/fmdelpueblo.ar\/index.php?rest_route=%2Fwp%2Fv2%2Fcategories&post=12633"},{"taxonomy":"post_tag","embeddable":true,"href":"http:\/\/fmdelpueblo.ar\/index.php?rest_route=%2Fwp%2Fv2%2Ftags&post=12633"}],"curies":[{"name":"wp","href":"https:\/\/api.w.org\/{rel}","templated":true}]}}