{"id":12629,"date":"2022-04-12T14:09:32","date_gmt":"2022-04-12T14:09:32","guid":{"rendered":"https:\/\/fmdelpueblo.ar\/?p=12629"},"modified":"2022-04-12T14:09:32","modified_gmt":"2022-04-12T14:09:32","slug":"jubilados-y-pensionados-desde-que-fecha-se-suspende-el-tramite-de-fe-de-vida-del-banco-nacion","status":"publish","type":"post","link":"http:\/\/fmdelpueblo.ar\/?p=12629","title":{"rendered":"Jubilados y pensionados: desde que fecha se suspende el tr\u00e1mite de Fe de Vida del Banco Naci\u00f3n"},"content":{"rendered":"<\/p>\n<p>El Banco de la Naci\u00f3n Argentina anunci\u00f3 el plazo a partir del cual los beneficiarios de jubilaciones y pensiones de Anses ya no deber\u00e1n realizar el tr\u00e1mite de Fe de Vida.  <a href=\"https:\/\/www.perfil.com\/noticias\/economia\/jubilados-y-pensionados-desde-que-fecha-se-suspende-el-tramite-de-fe-de-vida-del-banco-nacion.phtml\">Leer m\u00e1s<\/a><\/p>\n","protected":false},"excerpt":{"rendered":"<p>El Banco de la Naci\u00f3n Argentina anunci\u00f3 el plazo a partir del cual los beneficiarios de jubilaciones y pensiones de Anses ya no deber\u00e1n realizar el tr\u00e1mite de Fe de Vida. Leer m\u00e1s<\/p>\n","protected":false},"author":0,"featured_media":0,"comment_status":"","ping_status":"","sticky":false,"template":"","format":"standard","meta":{"footnotes":""},"categories":[1],"tags":[],"class_list":["post-12629","post","type-post","status-publish","format-standard","hentry","category-sin-categoria"],"_links":{"self":[{"href":"http:\/\/fmdelpueblo.ar\/index.php?rest_route=\/wp\/v2\/posts\/12629","targetHints":{"allow":["GET"]}}],"collection":[{"href":"http:\/\/fmdelpueblo.ar\/index.php?rest_route=\/wp\/v2\/posts"}],"about":[{"href":"http:\/\/fmdelpueblo.ar\/index.php?rest_route=\/wp\/v2\/types\/post"}],"replies":[{"embeddable":true,"href":"http:\/\/fmdelpueblo.ar\/index.php?rest_route=%2Fwp%2Fv2%2Fcomments&post=12629"}],"version-history":[{"count":0,"href":"http:\/\/fmdelpueblo.ar\/index.php?rest_route=\/wp\/v2\/posts\/12629\/revisions"}],"wp:attachment":[{"href":"http:\/\/fmdelpueblo.ar\/index.php?rest_route=%2Fwp%2Fv2%2Fmedia&parent=12629"}],"wp:term":[{"taxonomy":"category","embeddable":true,"href":"http:\/\/fmdelpueblo.ar\/index.php?rest_route=%2Fwp%2Fv2%2Fcategories&post=12629"},{"taxonomy":"post_tag","embeddable":true,"href":"http:\/\/fmdelpueblo.ar\/index.php?rest_route=%2Fwp%2Fv2%2Ftags&post=12629"}],"curies":[{"name":"wp","href":"https:\/\/api.w.org\/{rel}","templated":true}]}}