{"id":12628,"date":"2022-04-12T14:09:32","date_gmt":"2022-04-12T14:09:32","guid":{"rendered":"https:\/\/fmdelpueblo.ar\/?p=12628"},"modified":"2022-04-12T14:09:32","modified_gmt":"2022-04-12T14:09:32","slug":"subio-al-colectivo-sin-barbijo-la-bajo-la-policia-y-los-pasajeros-se-quejaron-viajamos-con-una-viviana-canosa","status":"publish","type":"post","link":"http:\/\/fmdelpueblo.ar\/?p=12628","title":{"rendered":"Subi\u00f3 al colectivo sin barbijo, la baj\u00f3 la Polic\u00eda y los pasajeros se quejaron: \u00abViajamos con una Viviana Canosa\u00bb"},"content":{"rendered":"<\/p>\n<p>\u00abNo soy necia, decido respirar\u00bb, afirmaba la mujer mientras que los efectivos policiales de la Ciudad de Buenos Aires insist\u00edan en que descienda de la unidad. <a href=\"https:\/\/www.perfil.com\/noticias\/sociedad\/subio-al-colectivo-sin-barbijo-la-bajo-la-policia-y-los-pasajeros-se-quejaron-viajamos-con-una-viviana-canosa.phtml\">Leer m\u00e1s<\/a><\/p>\n","protected":false},"excerpt":{"rendered":"<p>\u00abNo soy necia, decido respirar\u00bb, afirmaba la mujer mientras que los efectivos policiales de la Ciudad de Buenos Aires insist\u00edan en que descienda de la unidad. Leer m\u00e1s<\/p>\n","protected":false},"author":0,"featured_media":0,"comment_status":"","ping_status":"","sticky":false,"template":"","format":"standard","meta":{"footnotes":""},"categories":[1],"tags":[],"class_list":["post-12628","post","type-post","status-publish","format-standard","hentry","category-sin-categoria"],"_links":{"self":[{"href":"http:\/\/fmdelpueblo.ar\/index.php?rest_route=\/wp\/v2\/posts\/12628","targetHints":{"allow":["GET"]}}],"collection":[{"href":"http:\/\/fmdelpueblo.ar\/index.php?rest_route=\/wp\/v2\/posts"}],"about":[{"href":"http:\/\/fmdelpueblo.ar\/index.php?rest_route=\/wp\/v2\/types\/post"}],"replies":[{"embeddable":true,"href":"http:\/\/fmdelpueblo.ar\/index.php?rest_route=%2Fwp%2Fv2%2Fcomments&post=12628"}],"version-history":[{"count":0,"href":"http:\/\/fmdelpueblo.ar\/index.php?rest_route=\/wp\/v2\/posts\/12628\/revisions"}],"wp:attachment":[{"href":"http:\/\/fmdelpueblo.ar\/index.php?rest_route=%2Fwp%2Fv2%2Fmedia&parent=12628"}],"wp:term":[{"taxonomy":"category","embeddable":true,"href":"http:\/\/fmdelpueblo.ar\/index.php?rest_route=%2Fwp%2Fv2%2Fcategories&post=12628"},{"taxonomy":"post_tag","embeddable":true,"href":"http:\/\/fmdelpueblo.ar\/index.php?rest_route=%2Fwp%2Fv2%2Ftags&post=12628"}],"curies":[{"name":"wp","href":"https:\/\/api.w.org\/{rel}","templated":true}]}}