{"id":126,"date":"2021-10-26T01:23:54","date_gmt":"2021-10-26T01:23:54","guid":{"rendered":"https:\/\/fmdelpueblo.ar\/?p=126"},"modified":"2021-10-26T01:23:54","modified_gmt":"2021-10-26T01:23:54","slug":"tenso-cruce-entre-diego-santilli-y-ernesto-tenenbaum-decis-que-el-gobierno-emite-sin-tener-un-dato","status":"publish","type":"post","link":"http:\/\/fmdelpueblo.ar\/?p=126","title":{"rendered":"Tenso cruce entre Diego Santilli y Ernesto Tenenbaum: \u00abDec\u00eds que el gobierno emite sin tener un dato\u00bb"},"content":{"rendered":"<\/p>\n<p>El periodista le pregunt\u00f3 por los datos t\u00e9cnicos de emisi\u00f3n al candidato de Juntos y este no supo responderle. \u00abLos ten\u00e9s en la calle\u00bb, dijo. Adem\u00e1s, se cruzaron por la inflaci\u00f3n: \u00abLa inflaci\u00f3n actual es la misma que dejaron\u00bb. <a href=\"https:\/\/www.perfil.com\/noticias\/politica\/tenso-cruce-entre-diego-santilli-y-ernesto-tenenbaum-decis-que-el-gobierno-emite-sin-tener-un-dato.phtml\">Leer m\u00e1s<\/a><\/p>\n","protected":false},"excerpt":{"rendered":"<p>El periodista le pregunt\u00f3 por los datos t\u00e9cnicos de emisi\u00f3n al candidato de Juntos y este no supo responderle. \u00abLos ten\u00e9s en la calle\u00bb, dijo. Adem\u00e1s, se cruzaron por la inflaci\u00f3n: \u00abLa inflaci\u00f3n actual es la misma que dejaron\u00bb. Leer m\u00e1s<\/p>\n","protected":false},"author":0,"featured_media":0,"comment_status":"","ping_status":"","sticky":false,"template":"","format":"standard","meta":{"footnotes":""},"categories":[1],"tags":[],"class_list":["post-126","post","type-post","status-publish","format-standard","hentry","category-sin-categoria"],"_links":{"self":[{"href":"http:\/\/fmdelpueblo.ar\/index.php?rest_route=\/wp\/v2\/posts\/126","targetHints":{"allow":["GET"]}}],"collection":[{"href":"http:\/\/fmdelpueblo.ar\/index.php?rest_route=\/wp\/v2\/posts"}],"about":[{"href":"http:\/\/fmdelpueblo.ar\/index.php?rest_route=\/wp\/v2\/types\/post"}],"replies":[{"embeddable":true,"href":"http:\/\/fmdelpueblo.ar\/index.php?rest_route=%2Fwp%2Fv2%2Fcomments&post=126"}],"version-history":[{"count":0,"href":"http:\/\/fmdelpueblo.ar\/index.php?rest_route=\/wp\/v2\/posts\/126\/revisions"}],"wp:attachment":[{"href":"http:\/\/fmdelpueblo.ar\/index.php?rest_route=%2Fwp%2Fv2%2Fmedia&parent=126"}],"wp:term":[{"taxonomy":"category","embeddable":true,"href":"http:\/\/fmdelpueblo.ar\/index.php?rest_route=%2Fwp%2Fv2%2Fcategories&post=126"},{"taxonomy":"post_tag","embeddable":true,"href":"http:\/\/fmdelpueblo.ar\/index.php?rest_route=%2Fwp%2Fv2%2Ftags&post=126"}],"curies":[{"name":"wp","href":"https:\/\/api.w.org\/{rel}","templated":true}]}}