{"id":12478,"date":"2022-04-10T04:09:23","date_gmt":"2022-04-10T04:09:23","guid":{"rendered":"https:\/\/fmdelpueblo.ar\/?p=12478"},"modified":"2022-04-10T04:09:23","modified_gmt":"2022-04-10T04:09:23","slug":"por-que-de-loredo-y-morales-seran-los-mas-incomodos-en-giardino","status":"publish","type":"post","link":"http:\/\/fmdelpueblo.ar\/?p=12478","title":{"rendered":"Por qu\u00e9 De Loredo y Morales ser\u00e1n los m\u00e1s inc\u00f3modos en Giardino"},"content":{"rendered":"<\/p>\n<p>La tradicional cumbre radical ser\u00e1 22 y 23 de este mes. Al diputado le armar\u00e1n un operativo clamor para que vaya por la Provincia y el juje\u00f1o llega despu\u00e9s de los gestos a Schiaretti. Cerca del diputado lanzaron: \u00ab\u00bfpor qu\u00e9 nos deber\u00eda incomodar que el partido nos elija?\u00bb.<br \/>\n <a href=\"https:\/\/www.perfil.com\/noticias\/cordoba\/por-que-de-loredo-y-morales-seran-los-mas-incomodos-en-giardino.phtml\">Leer m\u00e1s<\/a><\/p>\n","protected":false},"excerpt":{"rendered":"<p>La tradicional cumbre radical ser\u00e1 22 y 23 de este mes. Al diputado le armar\u00e1n un operativo clamor para que vaya por la Provincia y el juje\u00f1o llega despu\u00e9s de los gestos a Schiaretti. Cerca del diputado lanzaron: \u00ab\u00bfpor qu\u00e9 nos deber\u00eda incomodar que el partido nos elija?\u00bb. Leer m\u00e1s<\/p>\n","protected":false},"author":0,"featured_media":0,"comment_status":"","ping_status":"","sticky":false,"template":"","format":"standard","meta":{"footnotes":""},"categories":[1],"tags":[],"class_list":["post-12478","post","type-post","status-publish","format-standard","hentry","category-sin-categoria"],"_links":{"self":[{"href":"http:\/\/fmdelpueblo.ar\/index.php?rest_route=\/wp\/v2\/posts\/12478","targetHints":{"allow":["GET"]}}],"collection":[{"href":"http:\/\/fmdelpueblo.ar\/index.php?rest_route=\/wp\/v2\/posts"}],"about":[{"href":"http:\/\/fmdelpueblo.ar\/index.php?rest_route=\/wp\/v2\/types\/post"}],"replies":[{"embeddable":true,"href":"http:\/\/fmdelpueblo.ar\/index.php?rest_route=%2Fwp%2Fv2%2Fcomments&post=12478"}],"version-history":[{"count":0,"href":"http:\/\/fmdelpueblo.ar\/index.php?rest_route=\/wp\/v2\/posts\/12478\/revisions"}],"wp:attachment":[{"href":"http:\/\/fmdelpueblo.ar\/index.php?rest_route=%2Fwp%2Fv2%2Fmedia&parent=12478"}],"wp:term":[{"taxonomy":"category","embeddable":true,"href":"http:\/\/fmdelpueblo.ar\/index.php?rest_route=%2Fwp%2Fv2%2Fcategories&post=12478"},{"taxonomy":"post_tag","embeddable":true,"href":"http:\/\/fmdelpueblo.ar\/index.php?rest_route=%2Fwp%2Fv2%2Ftags&post=12478"}],"curies":[{"name":"wp","href":"https:\/\/api.w.org\/{rel}","templated":true}]}}