{"id":12477,"date":"2022-04-10T04:09:23","date_gmt":"2022-04-10T04:09:23","guid":{"rendered":"https:\/\/fmdelpueblo.ar\/?p=12477"},"modified":"2022-04-10T04:09:23","modified_gmt":"2022-04-10T04:09:23","slug":"juez-no-tengo-miedo-el-ano-pasado-ganamos-la-interna-mas-despiadada-del-pais","status":"publish","type":"post","link":"http:\/\/fmdelpueblo.ar\/?p=12477","title":{"rendered":"Juez: \u201cNo tengo miedo, el a\u00f1o pasado ganamos la interna m\u00e1s despiadada del pa\u00eds\u201d"},"content":{"rendered":"<\/p>\n<p>El senador se muestra m\u00e1s confiado que nunca. Dice que no le teme a la competencia interna, aunque pedir\u00e1 garant\u00edas \u201cpara que no se meta el peronismo\u201d. Tambi\u00e9n asegura que tiene un excelente di\u00e1logo con todos los dirigentes radicales. <a href=\"https:\/\/www.perfil.com\/noticias\/cordoba\/juez-no-tengo-miedo-el-ano-pasado-ganamos-la-interna-mas-despiadada-del-pais.phtml\">Leer m\u00e1s<\/a><\/p>\n","protected":false},"excerpt":{"rendered":"<p>El senador se muestra m\u00e1s confiado que nunca. Dice que no le teme a la competencia interna, aunque pedir\u00e1 garant\u00edas \u201cpara que no se meta el peronismo\u201d. Tambi\u00e9n asegura que tiene un excelente di\u00e1logo con todos los dirigentes radicales. Leer m\u00e1s<\/p>\n","protected":false},"author":0,"featured_media":0,"comment_status":"","ping_status":"","sticky":false,"template":"","format":"standard","meta":{"footnotes":""},"categories":[1],"tags":[],"class_list":["post-12477","post","type-post","status-publish","format-standard","hentry","category-sin-categoria"],"_links":{"self":[{"href":"http:\/\/fmdelpueblo.ar\/index.php?rest_route=\/wp\/v2\/posts\/12477","targetHints":{"allow":["GET"]}}],"collection":[{"href":"http:\/\/fmdelpueblo.ar\/index.php?rest_route=\/wp\/v2\/posts"}],"about":[{"href":"http:\/\/fmdelpueblo.ar\/index.php?rest_route=\/wp\/v2\/types\/post"}],"replies":[{"embeddable":true,"href":"http:\/\/fmdelpueblo.ar\/index.php?rest_route=%2Fwp%2Fv2%2Fcomments&post=12477"}],"version-history":[{"count":0,"href":"http:\/\/fmdelpueblo.ar\/index.php?rest_route=\/wp\/v2\/posts\/12477\/revisions"}],"wp:attachment":[{"href":"http:\/\/fmdelpueblo.ar\/index.php?rest_route=%2Fwp%2Fv2%2Fmedia&parent=12477"}],"wp:term":[{"taxonomy":"category","embeddable":true,"href":"http:\/\/fmdelpueblo.ar\/index.php?rest_route=%2Fwp%2Fv2%2Fcategories&post=12477"},{"taxonomy":"post_tag","embeddable":true,"href":"http:\/\/fmdelpueblo.ar\/index.php?rest_route=%2Fwp%2Fv2%2Ftags&post=12477"}],"curies":[{"name":"wp","href":"https:\/\/api.w.org\/{rel}","templated":true}]}}