{"id":12476,"date":"2022-04-10T04:09:23","date_gmt":"2022-04-10T04:09:23","guid":{"rendered":"https:\/\/fmdelpueblo.ar\/?p=12476"},"modified":"2022-04-10T04:09:23","modified_gmt":"2022-04-10T04:09:23","slug":"como-se-gesto-y-que-impacto-tuvo-la-cena-de-schiaretti-en-modo-anti-grieta","status":"publish","type":"post","link":"http:\/\/fmdelpueblo.ar\/?p=12476","title":{"rendered":"C\u00f3mo se gest\u00f3 y qu\u00e9 impacto tuvo la cena de Schiaretti en modo anti-grieta"},"content":{"rendered":"<\/p>\n<p>Las repercusiones hacia adentro y afuera en el PJ de C\u00f3rdoba. La reacci\u00f3n de un comensal a un opositor cordob\u00e9s interesado y el mensaje de preocupaci\u00f3n que lleg\u00f3 del Congreso.<br \/>\n <a href=\"https:\/\/www.perfil.com\/noticias\/cordoba\/como-se-gesto-y-que-impacto-tuvo-la-cena-de-schiaretti-en-modo-anti-grieta.phtml\">Leer m\u00e1s<\/a><\/p>\n","protected":false},"excerpt":{"rendered":"<p>Las repercusiones hacia adentro y afuera en el PJ de C\u00f3rdoba. La reacci\u00f3n de un comensal a un opositor cordob\u00e9s interesado y el mensaje de preocupaci\u00f3n que lleg\u00f3 del Congreso. Leer m\u00e1s<\/p>\n","protected":false},"author":0,"featured_media":0,"comment_status":"","ping_status":"","sticky":false,"template":"","format":"standard","meta":{"footnotes":""},"categories":[1],"tags":[],"class_list":["post-12476","post","type-post","status-publish","format-standard","hentry","category-sin-categoria"],"_links":{"self":[{"href":"http:\/\/fmdelpueblo.ar\/index.php?rest_route=\/wp\/v2\/posts\/12476","targetHints":{"allow":["GET"]}}],"collection":[{"href":"http:\/\/fmdelpueblo.ar\/index.php?rest_route=\/wp\/v2\/posts"}],"about":[{"href":"http:\/\/fmdelpueblo.ar\/index.php?rest_route=\/wp\/v2\/types\/post"}],"replies":[{"embeddable":true,"href":"http:\/\/fmdelpueblo.ar\/index.php?rest_route=%2Fwp%2Fv2%2Fcomments&post=12476"}],"version-history":[{"count":0,"href":"http:\/\/fmdelpueblo.ar\/index.php?rest_route=\/wp\/v2\/posts\/12476\/revisions"}],"wp:attachment":[{"href":"http:\/\/fmdelpueblo.ar\/index.php?rest_route=%2Fwp%2Fv2%2Fmedia&parent=12476"}],"wp:term":[{"taxonomy":"category","embeddable":true,"href":"http:\/\/fmdelpueblo.ar\/index.php?rest_route=%2Fwp%2Fv2%2Fcategories&post=12476"},{"taxonomy":"post_tag","embeddable":true,"href":"http:\/\/fmdelpueblo.ar\/index.php?rest_route=%2Fwp%2Fv2%2Ftags&post=12476"}],"curies":[{"name":"wp","href":"https:\/\/api.w.org\/{rel}","templated":true}]}}