{"id":12469,"date":"2022-04-10T03:09:05","date_gmt":"2022-04-10T03:09:05","guid":{"rendered":"https:\/\/fmdelpueblo.ar\/?p=12469"},"modified":"2022-04-10T03:09:05","modified_gmt":"2022-04-10T03:09:05","slug":"vilma-ibarra-ninguna-diferencia-justifica-lastimar-la-coalicion-y-que-se-le-abra-la-puerta-a-la-derecha-en-2023","status":"publish","type":"post","link":"http:\/\/fmdelpueblo.ar\/?p=12469","title":{"rendered":"Vilma Ibarra: \u201cNinguna diferencia justifica lastimar la coalici\u00f3n y que se le abra la puerta a la derecha en 2023\u201d"},"content":{"rendered":"<\/p>\n<p>La funcionaria m\u00e1s cercana al presidente de la Naci\u00f3n y responsable de cuidar su firma es quien pone pa\u00f1os fr\u00edos y baja las tensiones que aquejan a la coalici\u00f3n del Frente de Todos, ubicando en primera l\u00ednea la importancia de recomponer la unidad partidaria para fortalecer la gobernabilidad y defender la presencia del Estado en las pol\u00edticas p\u00fablicas. Afirma que la vacante de la Corte Suprema de Justicia debe ser ocupada por una mujer y defiende la reforma del Poder Judicial. <a href=\"https:\/\/www.perfil.com\/noticias\/periodismopuro\/vilma-ibarra-ninguna-diferencia-justifica-lastimar-la-coalicion-y-que-se-le-abra-la-puerta-a-la-derecha-en-2023-por-jorge-fontevecchia.phtml\">Leer m\u00e1s<\/a><\/p>\n","protected":false},"excerpt":{"rendered":"<p>La funcionaria m\u00e1s cercana al presidente de la Naci\u00f3n y responsable de cuidar su firma es quien pone pa\u00f1os fr\u00edos y baja las tensiones que aquejan a la coalici\u00f3n del Frente de Todos, ubicando en primera l\u00ednea la importancia de recomponer la unidad partidaria para fortalecer la gobernabilidad y defender la presencia del Estado en [&hellip;]<\/p>\n","protected":false},"author":0,"featured_media":0,"comment_status":"","ping_status":"","sticky":false,"template":"","format":"standard","meta":{"footnotes":""},"categories":[1],"tags":[],"class_list":["post-12469","post","type-post","status-publish","format-standard","hentry","category-sin-categoria"],"_links":{"self":[{"href":"http:\/\/fmdelpueblo.ar\/index.php?rest_route=\/wp\/v2\/posts\/12469","targetHints":{"allow":["GET"]}}],"collection":[{"href":"http:\/\/fmdelpueblo.ar\/index.php?rest_route=\/wp\/v2\/posts"}],"about":[{"href":"http:\/\/fmdelpueblo.ar\/index.php?rest_route=\/wp\/v2\/types\/post"}],"replies":[{"embeddable":true,"href":"http:\/\/fmdelpueblo.ar\/index.php?rest_route=%2Fwp%2Fv2%2Fcomments&post=12469"}],"version-history":[{"count":0,"href":"http:\/\/fmdelpueblo.ar\/index.php?rest_route=\/wp\/v2\/posts\/12469\/revisions"}],"wp:attachment":[{"href":"http:\/\/fmdelpueblo.ar\/index.php?rest_route=%2Fwp%2Fv2%2Fmedia&parent=12469"}],"wp:term":[{"taxonomy":"category","embeddable":true,"href":"http:\/\/fmdelpueblo.ar\/index.php?rest_route=%2Fwp%2Fv2%2Fcategories&post=12469"},{"taxonomy":"post_tag","embeddable":true,"href":"http:\/\/fmdelpueblo.ar\/index.php?rest_route=%2Fwp%2Fv2%2Ftags&post=12469"}],"curies":[{"name":"wp","href":"https:\/\/api.w.org\/{rel}","templated":true}]}}