{"id":12468,"date":"2022-04-10T03:09:05","date_gmt":"2022-04-10T03:09:05","guid":{"rendered":"https:\/\/fmdelpueblo.ar\/?p=12468"},"modified":"2022-04-10T03:09:05","modified_gmt":"2022-04-10T03:09:05","slug":"zelenski-pide-una-condena-mundial-firme-a-los-crimenes-de-guerra-rusos","status":"publish","type":"post","link":"http:\/\/fmdelpueblo.ar\/?p=12468","title":{"rendered":"Zelenski pide una \u201ccondena mundial firme\u201d a los \u201ccr\u00edmenes de guerra rusos\u201d"},"content":{"rendered":"<\/p>\n<p>El presidente ucraniano espera que el mundo condene el ataque en el este del pa\u00eds que provoc\u00f3 52 muertos, entre ellos cinco ni\u00f1os. <a href=\"https:\/\/www.perfil.com\/noticias\/internacional\/zelenski-pide-una-condena-mundial-firme-a-los-crimenes-de-guerra-rusos.phtml\">Leer m\u00e1s<\/a><\/p>\n","protected":false},"excerpt":{"rendered":"<p>El presidente ucraniano espera que el mundo condene el ataque en el este del pa\u00eds que provoc\u00f3 52 muertos, entre ellos cinco ni\u00f1os. Leer m\u00e1s<\/p>\n","protected":false},"author":0,"featured_media":0,"comment_status":"","ping_status":"","sticky":false,"template":"","format":"standard","meta":{"footnotes":""},"categories":[1],"tags":[],"class_list":["post-12468","post","type-post","status-publish","format-standard","hentry","category-sin-categoria"],"_links":{"self":[{"href":"http:\/\/fmdelpueblo.ar\/index.php?rest_route=\/wp\/v2\/posts\/12468","targetHints":{"allow":["GET"]}}],"collection":[{"href":"http:\/\/fmdelpueblo.ar\/index.php?rest_route=\/wp\/v2\/posts"}],"about":[{"href":"http:\/\/fmdelpueblo.ar\/index.php?rest_route=\/wp\/v2\/types\/post"}],"replies":[{"embeddable":true,"href":"http:\/\/fmdelpueblo.ar\/index.php?rest_route=%2Fwp%2Fv2%2Fcomments&post=12468"}],"version-history":[{"count":0,"href":"http:\/\/fmdelpueblo.ar\/index.php?rest_route=\/wp\/v2\/posts\/12468\/revisions"}],"wp:attachment":[{"href":"http:\/\/fmdelpueblo.ar\/index.php?rest_route=%2Fwp%2Fv2%2Fmedia&parent=12468"}],"wp:term":[{"taxonomy":"category","embeddable":true,"href":"http:\/\/fmdelpueblo.ar\/index.php?rest_route=%2Fwp%2Fv2%2Fcategories&post=12468"},{"taxonomy":"post_tag","embeddable":true,"href":"http:\/\/fmdelpueblo.ar\/index.php?rest_route=%2Fwp%2Fv2%2Ftags&post=12468"}],"curies":[{"name":"wp","href":"https:\/\/api.w.org\/{rel}","templated":true}]}}