{"id":12465,"date":"2022-04-10T02:10:29","date_gmt":"2022-04-10T02:10:29","guid":{"rendered":"https:\/\/fmdelpueblo.ar\/?p=12465"},"modified":"2022-04-10T02:10:29","modified_gmt":"2022-04-10T02:10:29","slug":"hugo-moyano-apoyo-el-bloqueo-de-camiones-a-san-nicolas-y-hay-mas-de-160-mil-vecinos-afectados","status":"publish","type":"post","link":"http:\/\/fmdelpueblo.ar\/?p=12465","title":{"rendered":"Hugo Moyano apoy\u00f3 el bloqueo de camiones a San Nicol\u00e1s y hay m\u00e1s de 160 mil vecinos afectados"},"content":{"rendered":"<\/p>\n<p>El cerco impide el ingreso de esos vehiculos a la ciudad, cortando todos los sistemas de abastecimiento, y tampoco se cumplen las tareas de limpieza de calles y recolecci\u00f3n de basura. Camioneros exigen la liberaci\u00f3n de los dirigentes Maximiliano Cabaleyro y Fernando Esp\u00edndola, detenidos por \u00abextorsi\u00f3n y coacci\u00f3n\u00bb a una empresa local. Temen problemas de abastecimiento. <a href=\"https:\/\/www.perfil.com\/noticias\/actualidad\/hugo-moyano-apoyo-el-bloqueo-de-camiones-en-san-nicolas-hay-mas-de-100-mil-vecinos-afectados.phtml\">Leer m\u00e1s<\/a><\/p>\n","protected":false},"excerpt":{"rendered":"<p>El cerco impide el ingreso de esos vehiculos a la ciudad, cortando todos los sistemas de abastecimiento, y tampoco se cumplen las tareas de limpieza de calles y recolecci\u00f3n de basura. Camioneros exigen la liberaci\u00f3n de los dirigentes Maximiliano Cabaleyro y Fernando Esp\u00edndola, detenidos por \u00abextorsi\u00f3n y coacci\u00f3n\u00bb a una empresa local. Temen problemas de [&hellip;]<\/p>\n","protected":false},"author":0,"featured_media":0,"comment_status":"","ping_status":"","sticky":false,"template":"","format":"standard","meta":{"footnotes":""},"categories":[1],"tags":[],"class_list":["post-12465","post","type-post","status-publish","format-standard","hentry","category-sin-categoria"],"_links":{"self":[{"href":"http:\/\/fmdelpueblo.ar\/index.php?rest_route=\/wp\/v2\/posts\/12465","targetHints":{"allow":["GET"]}}],"collection":[{"href":"http:\/\/fmdelpueblo.ar\/index.php?rest_route=\/wp\/v2\/posts"}],"about":[{"href":"http:\/\/fmdelpueblo.ar\/index.php?rest_route=\/wp\/v2\/types\/post"}],"replies":[{"embeddable":true,"href":"http:\/\/fmdelpueblo.ar\/index.php?rest_route=%2Fwp%2Fv2%2Fcomments&post=12465"}],"version-history":[{"count":0,"href":"http:\/\/fmdelpueblo.ar\/index.php?rest_route=\/wp\/v2\/posts\/12465\/revisions"}],"wp:attachment":[{"href":"http:\/\/fmdelpueblo.ar\/index.php?rest_route=%2Fwp%2Fv2%2Fmedia&parent=12465"}],"wp:term":[{"taxonomy":"category","embeddable":true,"href":"http:\/\/fmdelpueblo.ar\/index.php?rest_route=%2Fwp%2Fv2%2Fcategories&post=12465"},{"taxonomy":"post_tag","embeddable":true,"href":"http:\/\/fmdelpueblo.ar\/index.php?rest_route=%2Fwp%2Fv2%2Ftags&post=12465"}],"curies":[{"name":"wp","href":"https:\/\/api.w.org\/{rel}","templated":true}]}}