{"id":12463,"date":"2022-04-09T23:09:29","date_gmt":"2022-04-09T23:09:29","guid":{"rendered":"http:\/\/fmdelpueblo.ar\/?p=12463"},"modified":"2022-04-09T23:09:29","modified_gmt":"2022-04-09T23:09:29","slug":"mario-negri-comparo-la-cuarentena-del-gobierno-con-auschwitz-genero-polemica-y-pidio-perdon","status":"publish","type":"post","link":"http:\/\/fmdelpueblo.ar\/?p=12463","title":{"rendered":"Mario Negri compar\u00f3 la cuarentena del Gobierno con Auschwitz, gener\u00f3 pol\u00e9mica y pidi\u00f3 perd\u00f3n"},"content":{"rendered":"<\/p>\n<p>\u00abEra una simulaci\u00f3n de Auschwitz\u00bb, expres\u00f3 el diputado nacional. Al recibir fuertes cr\u00edticas por comparar el aislamiento por la pandemia con el campo de concentraci\u00f3n de los nazis, sali\u00f3 a pedir disculpas. <a href=\"https:\/\/www.perfil.com\/noticias\/politica\/mario-negri-comparo-cuarentena-gobierno-con-auschwitz-genero-polemica-pidio-perdon.phtml\">Leer m\u00e1s<\/a><\/p>\n","protected":false},"excerpt":{"rendered":"<p>\u00abEra una simulaci\u00f3n de Auschwitz\u00bb, expres\u00f3 el diputado nacional. Al recibir fuertes cr\u00edticas por comparar el aislamiento por la pandemia con el campo de concentraci\u00f3n de los nazis, sali\u00f3 a pedir disculpas. Leer m\u00e1s<\/p>\n","protected":false},"author":0,"featured_media":0,"comment_status":"","ping_status":"","sticky":false,"template":"","format":"standard","meta":{"footnotes":""},"categories":[1],"tags":[],"class_list":["post-12463","post","type-post","status-publish","format-standard","hentry","category-sin-categoria"],"_links":{"self":[{"href":"http:\/\/fmdelpueblo.ar\/index.php?rest_route=\/wp\/v2\/posts\/12463","targetHints":{"allow":["GET"]}}],"collection":[{"href":"http:\/\/fmdelpueblo.ar\/index.php?rest_route=\/wp\/v2\/posts"}],"about":[{"href":"http:\/\/fmdelpueblo.ar\/index.php?rest_route=\/wp\/v2\/types\/post"}],"replies":[{"embeddable":true,"href":"http:\/\/fmdelpueblo.ar\/index.php?rest_route=%2Fwp%2Fv2%2Fcomments&post=12463"}],"version-history":[{"count":0,"href":"http:\/\/fmdelpueblo.ar\/index.php?rest_route=\/wp\/v2\/posts\/12463\/revisions"}],"wp:attachment":[{"href":"http:\/\/fmdelpueblo.ar\/index.php?rest_route=%2Fwp%2Fv2%2Fmedia&parent=12463"}],"wp:term":[{"taxonomy":"category","embeddable":true,"href":"http:\/\/fmdelpueblo.ar\/index.php?rest_route=%2Fwp%2Fv2%2Fcategories&post=12463"},{"taxonomy":"post_tag","embeddable":true,"href":"http:\/\/fmdelpueblo.ar\/index.php?rest_route=%2Fwp%2Fv2%2Ftags&post=12463"}],"curies":[{"name":"wp","href":"https:\/\/api.w.org\/{rel}","templated":true}]}}