{"id":12461,"date":"2022-04-09T22:13:07","date_gmt":"2022-04-09T22:13:07","guid":{"rendered":"https:\/\/fmdelpueblo.ar\/?p=12461"},"modified":"2022-04-09T22:13:07","modified_gmt":"2022-04-09T22:13:07","slug":"el-video-de-cristina-kirchner-de-hace-10-anos-que-se-hizo-viral-critico-a-piqueteros-y-defendio-a-berni","status":"publish","type":"post","link":"http:\/\/fmdelpueblo.ar\/?p=12461","title":{"rendered":"El video de Cristina Kirchner de hace 10 a\u00f1os que se hizo viral: critic\u00f3 a piqueteros y defendi\u00f3 a Berni"},"content":{"rendered":"<\/p>\n<p>Luego del acampe en la 9 de Julio, la vicepresidenta evit\u00f3 referirse al conflicto con los piqueteros. Sin embargo, las declaraciones de Kirchner de hace 10 a\u00f1os son bastante similares a las propuestas de la oposici\u00f3n. <a href=\"https:\/\/www.perfil.com\/noticias\/politica\/video-cristina-kirchner-hace-10-anos-viral-critico-cortes-calle-defendio-berni.phtml\">Leer m\u00e1s<\/a><\/p>\n","protected":false},"excerpt":{"rendered":"<p>Luego del acampe en la 9 de Julio, la vicepresidenta evit\u00f3 referirse al conflicto con los piqueteros. Sin embargo, las declaraciones de Kirchner de hace 10 a\u00f1os son bastante similares a las propuestas de la oposici\u00f3n. Leer m\u00e1s<\/p>\n","protected":false},"author":0,"featured_media":0,"comment_status":"","ping_status":"","sticky":false,"template":"","format":"standard","meta":{"footnotes":""},"categories":[1],"tags":[],"class_list":["post-12461","post","type-post","status-publish","format-standard","hentry","category-sin-categoria"],"_links":{"self":[{"href":"http:\/\/fmdelpueblo.ar\/index.php?rest_route=\/wp\/v2\/posts\/12461","targetHints":{"allow":["GET"]}}],"collection":[{"href":"http:\/\/fmdelpueblo.ar\/index.php?rest_route=\/wp\/v2\/posts"}],"about":[{"href":"http:\/\/fmdelpueblo.ar\/index.php?rest_route=\/wp\/v2\/types\/post"}],"replies":[{"embeddable":true,"href":"http:\/\/fmdelpueblo.ar\/index.php?rest_route=%2Fwp%2Fv2%2Fcomments&post=12461"}],"version-history":[{"count":0,"href":"http:\/\/fmdelpueblo.ar\/index.php?rest_route=\/wp\/v2\/posts\/12461\/revisions"}],"wp:attachment":[{"href":"http:\/\/fmdelpueblo.ar\/index.php?rest_route=%2Fwp%2Fv2%2Fmedia&parent=12461"}],"wp:term":[{"taxonomy":"category","embeddable":true,"href":"http:\/\/fmdelpueblo.ar\/index.php?rest_route=%2Fwp%2Fv2%2Fcategories&post=12461"},{"taxonomy":"post_tag","embeddable":true,"href":"http:\/\/fmdelpueblo.ar\/index.php?rest_route=%2Fwp%2Fv2%2Ftags&post=12461"}],"curies":[{"name":"wp","href":"https:\/\/api.w.org\/{rel}","templated":true}]}}