{"id":12458,"date":"2022-04-09T21:09:17","date_gmt":"2022-04-09T21:09:17","guid":{"rendered":"https:\/\/fmdelpueblo.ar\/?p=12458"},"modified":"2022-04-09T21:09:17","modified_gmt":"2022-04-09T21:09:17","slug":"elon-musk-se-quejo-del-precio-del-litio-y-gerardo-morales-lo-invito-a-jujuy","status":"publish","type":"post","link":"http:\/\/fmdelpueblo.ar\/?p=12458","title":{"rendered":"Elon Musk se quej\u00f3 del precio del litio y Gerardo Morales lo invit\u00f3 a Jujuy"},"content":{"rendered":"<\/p>\n<p>\u00abQui\u00e9n sabe, quiz\u00e1s la pr\u00f3xima Gigafactory sea juje\u00f1a\u00bb, expres\u00f3 el gobernador de Jujuy quien invit\u00f3 al magnate a \u00abexplorar\u00bb las reservas del metal en la provincia. <a href=\"https:\/\/www.perfil.com\/noticias\/politica\/elon-musk-se-quejo-precio-litio-gerardo-morales-invito-jujuy.phtml\">Leer m\u00e1s<\/a><\/p>\n","protected":false},"excerpt":{"rendered":"<p>\u00abQui\u00e9n sabe, quiz\u00e1s la pr\u00f3xima Gigafactory sea juje\u00f1a\u00bb, expres\u00f3 el gobernador de Jujuy quien invit\u00f3 al magnate a \u00abexplorar\u00bb las reservas del metal en la provincia. Leer m\u00e1s<\/p>\n","protected":false},"author":0,"featured_media":0,"comment_status":"","ping_status":"","sticky":false,"template":"","format":"standard","meta":{"footnotes":""},"categories":[1],"tags":[],"class_list":["post-12458","post","type-post","status-publish","format-standard","hentry","category-sin-categoria"],"_links":{"self":[{"href":"http:\/\/fmdelpueblo.ar\/index.php?rest_route=\/wp\/v2\/posts\/12458","targetHints":{"allow":["GET"]}}],"collection":[{"href":"http:\/\/fmdelpueblo.ar\/index.php?rest_route=\/wp\/v2\/posts"}],"about":[{"href":"http:\/\/fmdelpueblo.ar\/index.php?rest_route=\/wp\/v2\/types\/post"}],"replies":[{"embeddable":true,"href":"http:\/\/fmdelpueblo.ar\/index.php?rest_route=%2Fwp%2Fv2%2Fcomments&post=12458"}],"version-history":[{"count":0,"href":"http:\/\/fmdelpueblo.ar\/index.php?rest_route=\/wp\/v2\/posts\/12458\/revisions"}],"wp:attachment":[{"href":"http:\/\/fmdelpueblo.ar\/index.php?rest_route=%2Fwp%2Fv2%2Fmedia&parent=12458"}],"wp:term":[{"taxonomy":"category","embeddable":true,"href":"http:\/\/fmdelpueblo.ar\/index.php?rest_route=%2Fwp%2Fv2%2Fcategories&post=12458"},{"taxonomy":"post_tag","embeddable":true,"href":"http:\/\/fmdelpueblo.ar\/index.php?rest_route=%2Fwp%2Fv2%2Ftags&post=12458"}],"curies":[{"name":"wp","href":"https:\/\/api.w.org\/{rel}","templated":true}]}}