{"id":12451,"date":"2022-04-09T20:10:11","date_gmt":"2022-04-09T20:10:11","guid":{"rendered":"https:\/\/fmdelpueblo.ar\/?p=12451"},"modified":"2022-04-09T20:10:11","modified_gmt":"2022-04-09T20:10:11","slug":"prat-gay-critico-la-idea-de-dolarizar-habria-que-llevar-el-tipo-de-cambio-a-4-000-pesos","status":"publish","type":"post","link":"http:\/\/fmdelpueblo.ar\/?p=12451","title":{"rendered":"Prat-Gay critic\u00f3 la idea de dolarizar: \u00abHabr\u00eda que llevar el tipo de cambio a 4.000 pesos\u00bb"},"content":{"rendered":"<\/p>\n<p>\u00abEl problema de los aumentos tiene nombre y apellido: Cristina Fern\u00e1ndez de Kirchner\u00bb, se\u00f1al\u00f3 el ex ministro de Hacienda. <a href=\"https:\/\/www.perfil.com\/noticias\/actualidad\/alfonso-prat-gay-critico-idea-dolarizar-habria-que-llevar-tipo-de-cambio-4000-pesos.phtml\">Leer m\u00e1s<\/a><\/p>\n","protected":false},"excerpt":{"rendered":"<p>\u00abEl problema de los aumentos tiene nombre y apellido: Cristina Fern\u00e1ndez de Kirchner\u00bb, se\u00f1al\u00f3 el ex ministro de Hacienda. Leer m\u00e1s<\/p>\n","protected":false},"author":0,"featured_media":0,"comment_status":"","ping_status":"","sticky":false,"template":"","format":"standard","meta":{"footnotes":""},"categories":[1],"tags":[],"class_list":["post-12451","post","type-post","status-publish","format-standard","hentry","category-sin-categoria"],"_links":{"self":[{"href":"http:\/\/fmdelpueblo.ar\/index.php?rest_route=\/wp\/v2\/posts\/12451","targetHints":{"allow":["GET"]}}],"collection":[{"href":"http:\/\/fmdelpueblo.ar\/index.php?rest_route=\/wp\/v2\/posts"}],"about":[{"href":"http:\/\/fmdelpueblo.ar\/index.php?rest_route=\/wp\/v2\/types\/post"}],"replies":[{"embeddable":true,"href":"http:\/\/fmdelpueblo.ar\/index.php?rest_route=%2Fwp%2Fv2%2Fcomments&post=12451"}],"version-history":[{"count":0,"href":"http:\/\/fmdelpueblo.ar\/index.php?rest_route=\/wp\/v2\/posts\/12451\/revisions"}],"wp:attachment":[{"href":"http:\/\/fmdelpueblo.ar\/index.php?rest_route=%2Fwp%2Fv2%2Fmedia&parent=12451"}],"wp:term":[{"taxonomy":"category","embeddable":true,"href":"http:\/\/fmdelpueblo.ar\/index.php?rest_route=%2Fwp%2Fv2%2Fcategories&post=12451"},{"taxonomy":"post_tag","embeddable":true,"href":"http:\/\/fmdelpueblo.ar\/index.php?rest_route=%2Fwp%2Fv2%2Ftags&post=12451"}],"curies":[{"name":"wp","href":"https:\/\/api.w.org\/{rel}","templated":true}]}}