{"id":12444,"date":"2022-04-09T19:10:00","date_gmt":"2022-04-09T19:10:00","guid":{"rendered":"https:\/\/fmdelpueblo.ar\/?p=12444"},"modified":"2022-04-09T19:10:00","modified_gmt":"2022-04-09T19:10:00","slug":"boris-johnson-el-primer-lider-en-pisar-ucrania-reunion-con-zelenski-y-desafio-a-vladimir-putin","status":"publish","type":"post","link":"http:\/\/fmdelpueblo.ar\/?p=12444","title":{"rendered":"Boris Johnson, el primer l\u00edder en pisar Ucrania: reuni\u00f3n con Zelenski y desafi\u00f3 a Vladimir Putin"},"content":{"rendered":"<\/p>\n<p>El primer ministro brit\u00e1nico viaj\u00f3 a Kiev como un gesto de \u00absolidaridad\u00bb con el pueblo ucraniano. <a href=\"https:\/\/www.perfil.com\/noticias\/internacional\/boris-johnson-primer-lider-pisar-ucrania-reunion-volodimir-zelenski-desafio-vladimir-putin.phtml\">Leer m\u00e1s<\/a><\/p>\n","protected":false},"excerpt":{"rendered":"<p>El primer ministro brit\u00e1nico viaj\u00f3 a Kiev como un gesto de \u00absolidaridad\u00bb con el pueblo ucraniano. Leer m\u00e1s<\/p>\n","protected":false},"author":0,"featured_media":0,"comment_status":"","ping_status":"","sticky":false,"template":"","format":"standard","meta":{"footnotes":""},"categories":[1],"tags":[],"class_list":["post-12444","post","type-post","status-publish","format-standard","hentry","category-sin-categoria"],"_links":{"self":[{"href":"http:\/\/fmdelpueblo.ar\/index.php?rest_route=\/wp\/v2\/posts\/12444","targetHints":{"allow":["GET"]}}],"collection":[{"href":"http:\/\/fmdelpueblo.ar\/index.php?rest_route=\/wp\/v2\/posts"}],"about":[{"href":"http:\/\/fmdelpueblo.ar\/index.php?rest_route=\/wp\/v2\/types\/post"}],"replies":[{"embeddable":true,"href":"http:\/\/fmdelpueblo.ar\/index.php?rest_route=%2Fwp%2Fv2%2Fcomments&post=12444"}],"version-history":[{"count":0,"href":"http:\/\/fmdelpueblo.ar\/index.php?rest_route=\/wp\/v2\/posts\/12444\/revisions"}],"wp:attachment":[{"href":"http:\/\/fmdelpueblo.ar\/index.php?rest_route=%2Fwp%2Fv2%2Fmedia&parent=12444"}],"wp:term":[{"taxonomy":"category","embeddable":true,"href":"http:\/\/fmdelpueblo.ar\/index.php?rest_route=%2Fwp%2Fv2%2Fcategories&post=12444"},{"taxonomy":"post_tag","embeddable":true,"href":"http:\/\/fmdelpueblo.ar\/index.php?rest_route=%2Fwp%2Fv2%2Ftags&post=12444"}],"curies":[{"name":"wp","href":"https:\/\/api.w.org\/{rel}","templated":true}]}}