{"id":12439,"date":"2022-04-09T14:11:34","date_gmt":"2022-04-09T14:11:34","guid":{"rendered":"https:\/\/fmdelpueblo.ar\/?p=12439"},"modified":"2022-04-09T14:11:34","modified_gmt":"2022-04-09T14:11:34","slug":"un-trabajador-cayo-en-una-moledora-de-uva-en-una-bodega-de-lujan-de-cuyo","status":"publish","type":"post","link":"http:\/\/fmdelpueblo.ar\/?p=12439","title":{"rendered":"Un trabajador cay\u00f3 en una moledora de uva en una bodega de Luj\u00e1n de Cuyo"},"content":{"rendered":"<\/p>\n<p>El empleado, de 25 a\u00f1os, cumpl\u00eda sus tareas habituales cuando perdi\u00f3 el equilibrio y cay\u00f3 a la m\u00e1quina. Un compa\u00f1ero alcanz\u00f3 a detener el mecanismo, pero las consecuencias fueron grav\u00edsimas. <a href=\"https:\/\/www.perfil.com\/noticias\/sociedad\/un-trabajador-cayo-en-una-moledora-de-uva-de-una-bodega-y-debieron-amputarle-lo-pies.phtml\">Leer m\u00e1s<\/a><\/p>\n","protected":false},"excerpt":{"rendered":"<p>El empleado, de 25 a\u00f1os, cumpl\u00eda sus tareas habituales cuando perdi\u00f3 el equilibrio y cay\u00f3 a la m\u00e1quina. Un compa\u00f1ero alcanz\u00f3 a detener el mecanismo, pero las consecuencias fueron grav\u00edsimas. Leer m\u00e1s<\/p>\n","protected":false},"author":0,"featured_media":0,"comment_status":"","ping_status":"","sticky":false,"template":"","format":"standard","meta":{"footnotes":""},"categories":[1],"tags":[],"class_list":["post-12439","post","type-post","status-publish","format-standard","hentry","category-sin-categoria"],"_links":{"self":[{"href":"http:\/\/fmdelpueblo.ar\/index.php?rest_route=\/wp\/v2\/posts\/12439","targetHints":{"allow":["GET"]}}],"collection":[{"href":"http:\/\/fmdelpueblo.ar\/index.php?rest_route=\/wp\/v2\/posts"}],"about":[{"href":"http:\/\/fmdelpueblo.ar\/index.php?rest_route=\/wp\/v2\/types\/post"}],"replies":[{"embeddable":true,"href":"http:\/\/fmdelpueblo.ar\/index.php?rest_route=%2Fwp%2Fv2%2Fcomments&post=12439"}],"version-history":[{"count":0,"href":"http:\/\/fmdelpueblo.ar\/index.php?rest_route=\/wp\/v2\/posts\/12439\/revisions"}],"wp:attachment":[{"href":"http:\/\/fmdelpueblo.ar\/index.php?rest_route=%2Fwp%2Fv2%2Fmedia&parent=12439"}],"wp:term":[{"taxonomy":"category","embeddable":true,"href":"http:\/\/fmdelpueblo.ar\/index.php?rest_route=%2Fwp%2Fv2%2Fcategories&post=12439"},{"taxonomy":"post_tag","embeddable":true,"href":"http:\/\/fmdelpueblo.ar\/index.php?rest_route=%2Fwp%2Fv2%2Ftags&post=12439"}],"curies":[{"name":"wp","href":"https:\/\/api.w.org\/{rel}","templated":true}]}}