{"id":12437,"date":"2022-04-09T14:11:33","date_gmt":"2022-04-09T14:11:33","guid":{"rendered":"https:\/\/fmdelpueblo.ar\/?p=12437"},"modified":"2022-04-09T14:11:33","modified_gmt":"2022-04-09T14:11:33","slug":"sebastian-pereyra-la-protesta-social-no-puede-ser-pensada-como-un-problema-de-transito","status":"publish","type":"post","link":"http:\/\/fmdelpueblo.ar\/?p=12437","title":{"rendered":"Sebasti\u00e1n Pereyra: \u201cLa protesta social no puede ser pensada como un problema de tr\u00e1nsito\u201d"},"content":{"rendered":"<\/p>\n<p>El polit\u00f3logo advierte que los reclamos deben ser entendidos como parte de una negociaci\u00f3n pol\u00edtica. Pero aclara que el ordenamiento urbano tambi\u00e9n debe ser atendido, porque la Ciudad no est\u00e1 preparada para enfrentar esa demanda. Cambios en la \u201cidentidad piquetera\u201d. <a href=\"https:\/\/www.perfil.com\/noticias\/educacion\/sebastian-pereyra-la-protesta-social-no-puede-ser-pensada-como-un-problema-de-transito.phtml\">Leer m\u00e1s<\/a><\/p>\n","protected":false},"excerpt":{"rendered":"<p>El polit\u00f3logo advierte que los reclamos deben ser entendidos como parte de una negociaci\u00f3n pol\u00edtica. Pero aclara que el ordenamiento urbano tambi\u00e9n debe ser atendido, porque la Ciudad no est\u00e1 preparada para enfrentar esa demanda. Cambios en la \u201cidentidad piquetera\u201d. Leer m\u00e1s<\/p>\n","protected":false},"author":0,"featured_media":0,"comment_status":"","ping_status":"","sticky":false,"template":"","format":"standard","meta":{"footnotes":""},"categories":[1],"tags":[],"class_list":["post-12437","post","type-post","status-publish","format-standard","hentry","category-sin-categoria"],"_links":{"self":[{"href":"http:\/\/fmdelpueblo.ar\/index.php?rest_route=\/wp\/v2\/posts\/12437","targetHints":{"allow":["GET"]}}],"collection":[{"href":"http:\/\/fmdelpueblo.ar\/index.php?rest_route=\/wp\/v2\/posts"}],"about":[{"href":"http:\/\/fmdelpueblo.ar\/index.php?rest_route=\/wp\/v2\/types\/post"}],"replies":[{"embeddable":true,"href":"http:\/\/fmdelpueblo.ar\/index.php?rest_route=%2Fwp%2Fv2%2Fcomments&post=12437"}],"version-history":[{"count":0,"href":"http:\/\/fmdelpueblo.ar\/index.php?rest_route=\/wp\/v2\/posts\/12437\/revisions"}],"wp:attachment":[{"href":"http:\/\/fmdelpueblo.ar\/index.php?rest_route=%2Fwp%2Fv2%2Fmedia&parent=12437"}],"wp:term":[{"taxonomy":"category","embeddable":true,"href":"http:\/\/fmdelpueblo.ar\/index.php?rest_route=%2Fwp%2Fv2%2Fcategories&post=12437"},{"taxonomy":"post_tag","embeddable":true,"href":"http:\/\/fmdelpueblo.ar\/index.php?rest_route=%2Fwp%2Fv2%2Ftags&post=12437"}],"curies":[{"name":"wp","href":"https:\/\/api.w.org\/{rel}","templated":true}]}}