{"id":12436,"date":"2022-04-09T13:11:26","date_gmt":"2022-04-09T13:11:26","guid":{"rendered":"https:\/\/fmdelpueblo.ar\/?p=12436"},"modified":"2022-04-09T13:11:26","modified_gmt":"2022-04-09T13:11:26","slug":"menos-restricciones-ya-no-habra-que-firmar-declaracion-jurada-para-salir-del-pais","status":"publish","type":"post","link":"http:\/\/fmdelpueblo.ar\/?p=12436","title":{"rendered":"Menos restricciones: ya no habr\u00e1 que firmar declaraci\u00f3n jurada para salir del pa\u00eds"},"content":{"rendered":"<\/p>\n<p>Los datos de salud ser\u00e1n agregados por el control de Migraciones, aunque se mantendr\u00e1 la obligaci\u00f3n de llenar esa declaraci\u00f3n para quienes lleguen a la Argentina. Tambi\u00e9n se deja sin efecto la toma de temperatura en puntos de ingreso. <a href=\"https:\/\/www.perfil.com\/noticias\/actualidad\/menos-restricciones-ya-no-habra-que-firmar-declaracion-jurada-para-salir-del-pais.phtml\">Leer m\u00e1s<\/a><\/p>\n","protected":false},"excerpt":{"rendered":"<p>Los datos de salud ser\u00e1n agregados por el control de Migraciones, aunque se mantendr\u00e1 la obligaci\u00f3n de llenar esa declaraci\u00f3n para quienes lleguen a la Argentina. Tambi\u00e9n se deja sin efecto la toma de temperatura en puntos de ingreso. Leer m\u00e1s<\/p>\n","protected":false},"author":0,"featured_media":0,"comment_status":"","ping_status":"","sticky":false,"template":"","format":"standard","meta":{"footnotes":""},"categories":[1],"tags":[],"class_list":["post-12436","post","type-post","status-publish","format-standard","hentry","category-sin-categoria"],"_links":{"self":[{"href":"http:\/\/fmdelpueblo.ar\/index.php?rest_route=\/wp\/v2\/posts\/12436","targetHints":{"allow":["GET"]}}],"collection":[{"href":"http:\/\/fmdelpueblo.ar\/index.php?rest_route=\/wp\/v2\/posts"}],"about":[{"href":"http:\/\/fmdelpueblo.ar\/index.php?rest_route=\/wp\/v2\/types\/post"}],"replies":[{"embeddable":true,"href":"http:\/\/fmdelpueblo.ar\/index.php?rest_route=%2Fwp%2Fv2%2Fcomments&post=12436"}],"version-history":[{"count":0,"href":"http:\/\/fmdelpueblo.ar\/index.php?rest_route=\/wp\/v2\/posts\/12436\/revisions"}],"wp:attachment":[{"href":"http:\/\/fmdelpueblo.ar\/index.php?rest_route=%2Fwp%2Fv2%2Fmedia&parent=12436"}],"wp:term":[{"taxonomy":"category","embeddable":true,"href":"http:\/\/fmdelpueblo.ar\/index.php?rest_route=%2Fwp%2Fv2%2Fcategories&post=12436"},{"taxonomy":"post_tag","embeddable":true,"href":"http:\/\/fmdelpueblo.ar\/index.php?rest_route=%2Fwp%2Fv2%2Ftags&post=12436"}],"curies":[{"name":"wp","href":"https:\/\/api.w.org\/{rel}","templated":true}]}}