{"id":12427,"date":"2022-04-09T11:09:22","date_gmt":"2022-04-09T11:09:22","guid":{"rendered":"https:\/\/fmdelpueblo.ar\/?p=12427"},"modified":"2022-04-09T11:09:22","modified_gmt":"2022-04-09T11:09:22","slug":"nadia-muzyca-cuando-a-giselle-la-abraza-la-mama-y-cae-muerta-vamos-a-llorar-todos","status":"publish","type":"post","link":"http:\/\/fmdelpueblo.ar\/?p=12427","title":{"rendered":"Nadia Muzyca: \u201cCuando a Giselle la abraza la mam\u00e1 y cae muerta vamos a llorar todos\u201d"},"content":{"rendered":"<\/p>\n<p>La bailarina, que a sus 15 a\u00f1os estaba bailando en Nueva York con Julio Bocca, eligi\u00f3 despedirse de los escenarios el pr\u00f3ximo 19 de abril en el Teatro Col\u00f3n. \u201cSiempre so\u00f1\u00e9 con irme bien, con irme en un buen momento, entera y no que la bailarina me deje a m\u00ed\u201d, asegur\u00f3. <a href=\"https:\/\/www.perfil.com\/noticias\/cultura\/nadia-muzyca-cuando-a-giselle-la-abraza-a-la-mama-y-cae-muerta-vamos-a-llorar-todos.phtml\">Leer m\u00e1s<\/a><\/p>\n","protected":false},"excerpt":{"rendered":"<p>La bailarina, que a sus 15 a\u00f1os estaba bailando en Nueva York con Julio Bocca, eligi\u00f3 despedirse de los escenarios el pr\u00f3ximo 19 de abril en el Teatro Col\u00f3n. \u201cSiempre so\u00f1\u00e9 con irme bien, con irme en un buen momento, entera y no que la bailarina me deje a m\u00ed\u201d, asegur\u00f3. Leer m\u00e1s<\/p>\n","protected":false},"author":0,"featured_media":0,"comment_status":"","ping_status":"","sticky":false,"template":"","format":"standard","meta":{"footnotes":""},"categories":[1],"tags":[],"class_list":["post-12427","post","type-post","status-publish","format-standard","hentry","category-sin-categoria"],"_links":{"self":[{"href":"http:\/\/fmdelpueblo.ar\/index.php?rest_route=\/wp\/v2\/posts\/12427","targetHints":{"allow":["GET"]}}],"collection":[{"href":"http:\/\/fmdelpueblo.ar\/index.php?rest_route=\/wp\/v2\/posts"}],"about":[{"href":"http:\/\/fmdelpueblo.ar\/index.php?rest_route=\/wp\/v2\/types\/post"}],"replies":[{"embeddable":true,"href":"http:\/\/fmdelpueblo.ar\/index.php?rest_route=%2Fwp%2Fv2%2Fcomments&post=12427"}],"version-history":[{"count":0,"href":"http:\/\/fmdelpueblo.ar\/index.php?rest_route=\/wp\/v2\/posts\/12427\/revisions"}],"wp:attachment":[{"href":"http:\/\/fmdelpueblo.ar\/index.php?rest_route=%2Fwp%2Fv2%2Fmedia&parent=12427"}],"wp:term":[{"taxonomy":"category","embeddable":true,"href":"http:\/\/fmdelpueblo.ar\/index.php?rest_route=%2Fwp%2Fv2%2Fcategories&post=12427"},{"taxonomy":"post_tag","embeddable":true,"href":"http:\/\/fmdelpueblo.ar\/index.php?rest_route=%2Fwp%2Fv2%2Ftags&post=12427"}],"curies":[{"name":"wp","href":"https:\/\/api.w.org\/{rel}","templated":true}]}}