{"id":12423,"date":"2022-04-09T07:09:17","date_gmt":"2022-04-09T07:09:17","guid":{"rendered":"https:\/\/fmdelpueblo.ar\/?p=12423"},"modified":"2022-04-09T07:09:17","modified_gmt":"2022-04-09T07:09:17","slug":"una-mirada-critica-de-la-sociedad-patriarcal","status":"publish","type":"post","link":"http:\/\/fmdelpueblo.ar\/?p=12423","title":{"rendered":"Una mirada cr\u00edtica de la sociedad patriarcal"},"content":{"rendered":"<\/p>\n<p>El estreno del documental Mar\u00eda Luisa Bemberg. El eco de mi voz, de Alejandro Maci, coincide con los 100 a\u00f1os del nacimiento de la homenajeada. Testimonios de nombres como Lita Stantic, Graciela Borges y Luisina Brando. <a href=\"https:\/\/www.perfil.com\/noticias\/espectaculos\/una-mirada-critica-de-la-sociedad-patriarcal.phtml\">Leer m\u00e1s<\/a><\/p>\n","protected":false},"excerpt":{"rendered":"<p>El estreno del documental Mar\u00eda Luisa Bemberg. El eco de mi voz, de Alejandro Maci, coincide con los 100 a\u00f1os del nacimiento de la homenajeada. Testimonios de nombres como Lita Stantic, Graciela Borges y Luisina Brando. Leer m\u00e1s<\/p>\n","protected":false},"author":0,"featured_media":0,"comment_status":"","ping_status":"","sticky":false,"template":"","format":"standard","meta":{"footnotes":""},"categories":[1],"tags":[],"class_list":["post-12423","post","type-post","status-publish","format-standard","hentry","category-sin-categoria"],"_links":{"self":[{"href":"http:\/\/fmdelpueblo.ar\/index.php?rest_route=\/wp\/v2\/posts\/12423","targetHints":{"allow":["GET"]}}],"collection":[{"href":"http:\/\/fmdelpueblo.ar\/index.php?rest_route=\/wp\/v2\/posts"}],"about":[{"href":"http:\/\/fmdelpueblo.ar\/index.php?rest_route=\/wp\/v2\/types\/post"}],"replies":[{"embeddable":true,"href":"http:\/\/fmdelpueblo.ar\/index.php?rest_route=%2Fwp%2Fv2%2Fcomments&post=12423"}],"version-history":[{"count":0,"href":"http:\/\/fmdelpueblo.ar\/index.php?rest_route=\/wp\/v2\/posts\/12423\/revisions"}],"wp:attachment":[{"href":"http:\/\/fmdelpueblo.ar\/index.php?rest_route=%2Fwp%2Fv2%2Fmedia&parent=12423"}],"wp:term":[{"taxonomy":"category","embeddable":true,"href":"http:\/\/fmdelpueblo.ar\/index.php?rest_route=%2Fwp%2Fv2%2Fcategories&post=12423"},{"taxonomy":"post_tag","embeddable":true,"href":"http:\/\/fmdelpueblo.ar\/index.php?rest_route=%2Fwp%2Fv2%2Ftags&post=12423"}],"curies":[{"name":"wp","href":"https:\/\/api.w.org\/{rel}","templated":true}]}}