{"id":12412,"date":"2022-04-09T05:09:44","date_gmt":"2022-04-09T05:09:44","guid":{"rendered":"https:\/\/fmdelpueblo.ar\/?p=12412"},"modified":"2022-04-09T05:09:44","modified_gmt":"2022-04-09T05:09:44","slug":"la-foto-macri-trump-sacudio-el-tablero-de-jxc","status":"publish","type":"post","link":"http:\/\/fmdelpueblo.ar\/?p=12412","title":{"rendered":"La foto Macri &#8211; Trump sacudi\u00f3 el tablero de JxC"},"content":{"rendered":"<\/p>\n<p>Volvi\u00f3 a ser eje de debate en la oposici\u00f3n. Su imagen sirvi\u00f3 como un puente para aquellos que quieren un acuerdo con los liberales. Morales sali\u00f3 a criticarlo. La intimidad pol\u00edtica del ex presidente, quien no decidi\u00f3 si jugar\u00e1 o no. <a href=\"https:\/\/www.perfil.com\/noticias\/politica\/la-foto-macri-trump-sacudio-el-tablero-de-jxc.phtml\">Leer m\u00e1s<\/a><\/p>\n","protected":false},"excerpt":{"rendered":"<p>Volvi\u00f3 a ser eje de debate en la oposici\u00f3n. Su imagen sirvi\u00f3 como un puente para aquellos que quieren un acuerdo con los liberales. Morales sali\u00f3 a criticarlo. La intimidad pol\u00edtica del ex presidente, quien no decidi\u00f3 si jugar\u00e1 o no. Leer m\u00e1s<\/p>\n","protected":false},"author":0,"featured_media":0,"comment_status":"","ping_status":"","sticky":false,"template":"","format":"standard","meta":{"footnotes":""},"categories":[1],"tags":[],"class_list":["post-12412","post","type-post","status-publish","format-standard","hentry","category-sin-categoria"],"_links":{"self":[{"href":"http:\/\/fmdelpueblo.ar\/index.php?rest_route=\/wp\/v2\/posts\/12412","targetHints":{"allow":["GET"]}}],"collection":[{"href":"http:\/\/fmdelpueblo.ar\/index.php?rest_route=\/wp\/v2\/posts"}],"about":[{"href":"http:\/\/fmdelpueblo.ar\/index.php?rest_route=\/wp\/v2\/types\/post"}],"replies":[{"embeddable":true,"href":"http:\/\/fmdelpueblo.ar\/index.php?rest_route=%2Fwp%2Fv2%2Fcomments&post=12412"}],"version-history":[{"count":0,"href":"http:\/\/fmdelpueblo.ar\/index.php?rest_route=\/wp\/v2\/posts\/12412\/revisions"}],"wp:attachment":[{"href":"http:\/\/fmdelpueblo.ar\/index.php?rest_route=%2Fwp%2Fv2%2Fmedia&parent=12412"}],"wp:term":[{"taxonomy":"category","embeddable":true,"href":"http:\/\/fmdelpueblo.ar\/index.php?rest_route=%2Fwp%2Fv2%2Fcategories&post=12412"},{"taxonomy":"post_tag","embeddable":true,"href":"http:\/\/fmdelpueblo.ar\/index.php?rest_route=%2Fwp%2Fv2%2Ftags&post=12412"}],"curies":[{"name":"wp","href":"https:\/\/api.w.org\/{rel}","templated":true}]}}