{"id":12411,"date":"2022-04-09T05:09:44","date_gmt":"2022-04-09T05:09:44","guid":{"rendered":"https:\/\/fmdelpueblo.ar\/?p=12411"},"modified":"2022-04-09T05:09:44","modified_gmt":"2022-04-09T05:09:44","slug":"carrio-salio-de-gira-con-la-idea-de-fortalecer-a-la-coalicion-civica","status":"publish","type":"post","link":"http:\/\/fmdelpueblo.ar\/?p=12411","title":{"rendered":"Carri\u00f3 sali\u00f3 de gira con la idea de fortalecer a la Coalici\u00f3n C\u00edvica"},"content":{"rendered":"<\/p>\n<p>  <a href=\"https:\/\/www.perfil.com\/noticias\/politica\/carrio-salio-de-gira-con-la-idea-de-fortalecer-a-la-coalicion-civica.phtml\">Leer m\u00e1s<\/a><\/p>\n","protected":false},"excerpt":{"rendered":"<p>Leer m\u00e1s<\/p>\n","protected":false},"author":0,"featured_media":0,"comment_status":"","ping_status":"","sticky":false,"template":"","format":"standard","meta":{"footnotes":""},"categories":[1],"tags":[],"class_list":["post-12411","post","type-post","status-publish","format-standard","hentry","category-sin-categoria"],"_links":{"self":[{"href":"http:\/\/fmdelpueblo.ar\/index.php?rest_route=\/wp\/v2\/posts\/12411","targetHints":{"allow":["GET"]}}],"collection":[{"href":"http:\/\/fmdelpueblo.ar\/index.php?rest_route=\/wp\/v2\/posts"}],"about":[{"href":"http:\/\/fmdelpueblo.ar\/index.php?rest_route=\/wp\/v2\/types\/post"}],"replies":[{"embeddable":true,"href":"http:\/\/fmdelpueblo.ar\/index.php?rest_route=%2Fwp%2Fv2%2Fcomments&post=12411"}],"version-history":[{"count":0,"href":"http:\/\/fmdelpueblo.ar\/index.php?rest_route=\/wp\/v2\/posts\/12411\/revisions"}],"wp:attachment":[{"href":"http:\/\/fmdelpueblo.ar\/index.php?rest_route=%2Fwp%2Fv2%2Fmedia&parent=12411"}],"wp:term":[{"taxonomy":"category","embeddable":true,"href":"http:\/\/fmdelpueblo.ar\/index.php?rest_route=%2Fwp%2Fv2%2Fcategories&post=12411"},{"taxonomy":"post_tag","embeddable":true,"href":"http:\/\/fmdelpueblo.ar\/index.php?rest_route=%2Fwp%2Fv2%2Ftags&post=12411"}],"curies":[{"name":"wp","href":"https:\/\/api.w.org\/{rel}","templated":true}]}}