{"id":12405,"date":"2022-04-09T04:10:05","date_gmt":"2022-04-09T04:10:05","guid":{"rendered":"https:\/\/fmdelpueblo.ar\/?p=12405"},"modified":"2022-04-09T04:10:05","modified_gmt":"2022-04-09T04:10:05","slug":"una-visita-con-senales-a-su-propio-pais-y-a-america-latina","status":"publish","type":"post","link":"http:\/\/fmdelpueblo.ar\/?p=12405","title":{"rendered":"Una visita con se\u00f1ales a su propio pa\u00eds y a Am\u00e9rica Latina"},"content":{"rendered":"<\/p>\n<p>  <a href=\"https:\/\/www.perfil.com\/noticias\/opinion\/una-visita-con-senales-a-su-propio-pais-y-a-america-latina-por-clarisa-demattei.phtml\">Leer m\u00e1s<\/a><\/p>\n","protected":false},"excerpt":{"rendered":"<p>Leer m\u00e1s<\/p>\n","protected":false},"author":0,"featured_media":0,"comment_status":"","ping_status":"","sticky":false,"template":"","format":"standard","meta":{"footnotes":""},"categories":[1],"tags":[],"class_list":["post-12405","post","type-post","status-publish","format-standard","hentry","category-sin-categoria"],"_links":{"self":[{"href":"http:\/\/fmdelpueblo.ar\/index.php?rest_route=\/wp\/v2\/posts\/12405","targetHints":{"allow":["GET"]}}],"collection":[{"href":"http:\/\/fmdelpueblo.ar\/index.php?rest_route=\/wp\/v2\/posts"}],"about":[{"href":"http:\/\/fmdelpueblo.ar\/index.php?rest_route=\/wp\/v2\/types\/post"}],"replies":[{"embeddable":true,"href":"http:\/\/fmdelpueblo.ar\/index.php?rest_route=%2Fwp%2Fv2%2Fcomments&post=12405"}],"version-history":[{"count":0,"href":"http:\/\/fmdelpueblo.ar\/index.php?rest_route=\/wp\/v2\/posts\/12405\/revisions"}],"wp:attachment":[{"href":"http:\/\/fmdelpueblo.ar\/index.php?rest_route=%2Fwp%2Fv2%2Fmedia&parent=12405"}],"wp:term":[{"taxonomy":"category","embeddable":true,"href":"http:\/\/fmdelpueblo.ar\/index.php?rest_route=%2Fwp%2Fv2%2Fcategories&post=12405"},{"taxonomy":"post_tag","embeddable":true,"href":"http:\/\/fmdelpueblo.ar\/index.php?rest_route=%2Fwp%2Fv2%2Ftags&post=12405"}],"curies":[{"name":"wp","href":"https:\/\/api.w.org\/{rel}","templated":true}]}}