{"id":12396,"date":"2022-04-09T03:09:07","date_gmt":"2022-04-09T03:09:07","guid":{"rendered":"https:\/\/fmdelpueblo.ar\/?p=12396"},"modified":"2022-04-09T03:09:07","modified_gmt":"2022-04-09T03:09:07","slug":"kiev-acusa-a-rusia-de-otra-masacre-cincuenta-muertos-por-un-misil-en-una-estacion-de-tren","status":"publish","type":"post","link":"http:\/\/fmdelpueblo.ar\/?p=12396","title":{"rendered":"Kiev acusa a Rusia de otra masacre: cincuenta muertos por un misil en una estaci\u00f3n de tren"},"content":{"rendered":"<\/p>\n<p>El ataque se produjo a las diez y media de la ma\u00f1ana, cuando miles de personas aguardaban poder ser evacuadas de la regi\u00f3n, que Mosc\u00fa bombardea duramente desde hace semanas. <a href=\"https:\/\/www.perfil.com\/noticias\/internacional\/kiev-acusa-a-rusia-de-otra-masacre-cincuenta-muertos-por-un-misil-en-una-estacion-de-tren.phtml\">Leer m\u00e1s<\/a><\/p>\n","protected":false},"excerpt":{"rendered":"<p>El ataque se produjo a las diez y media de la ma\u00f1ana, cuando miles de personas aguardaban poder ser evacuadas de la regi\u00f3n, que Mosc\u00fa bombardea duramente desde hace semanas. Leer m\u00e1s<\/p>\n","protected":false},"author":0,"featured_media":0,"comment_status":"","ping_status":"","sticky":false,"template":"","format":"standard","meta":{"footnotes":""},"categories":[1],"tags":[],"class_list":["post-12396","post","type-post","status-publish","format-standard","hentry","category-sin-categoria"],"_links":{"self":[{"href":"http:\/\/fmdelpueblo.ar\/index.php?rest_route=\/wp\/v2\/posts\/12396","targetHints":{"allow":["GET"]}}],"collection":[{"href":"http:\/\/fmdelpueblo.ar\/index.php?rest_route=\/wp\/v2\/posts"}],"about":[{"href":"http:\/\/fmdelpueblo.ar\/index.php?rest_route=\/wp\/v2\/types\/post"}],"replies":[{"embeddable":true,"href":"http:\/\/fmdelpueblo.ar\/index.php?rest_route=%2Fwp%2Fv2%2Fcomments&post=12396"}],"version-history":[{"count":0,"href":"http:\/\/fmdelpueblo.ar\/index.php?rest_route=\/wp\/v2\/posts\/12396\/revisions"}],"wp:attachment":[{"href":"http:\/\/fmdelpueblo.ar\/index.php?rest_route=%2Fwp%2Fv2%2Fmedia&parent=12396"}],"wp:term":[{"taxonomy":"category","embeddable":true,"href":"http:\/\/fmdelpueblo.ar\/index.php?rest_route=%2Fwp%2Fv2%2Fcategories&post=12396"},{"taxonomy":"post_tag","embeddable":true,"href":"http:\/\/fmdelpueblo.ar\/index.php?rest_route=%2Fwp%2Fv2%2Ftags&post=12396"}],"curies":[{"name":"wp","href":"https:\/\/api.w.org\/{rel}","templated":true}]}}