{"id":12393,"date":"2022-04-09T03:09:06","date_gmt":"2022-04-09T03:09:06","guid":{"rendered":"https:\/\/fmdelpueblo.ar\/?p=12393"},"modified":"2022-04-09T03:09:06","modified_gmt":"2022-04-09T03:09:06","slug":"los-precios-de-marzo-seran-una-hoguera-de-por-lo-menos-6","status":"publish","type":"post","link":"http:\/\/fmdelpueblo.ar\/?p=12393","title":{"rendered":"Los precios de marzo ser\u00e1n una hoguera de por lo menos 6%"},"content":{"rendered":"<\/p>\n<p>El mi\u00e9rcoles se conocer\u00e1 la medici\u00f3n oficial del tercer mes del a\u00f1o; en el Gobierno ruegan que alimentos no superen el 7,5%. <a href=\"https:\/\/www.perfil.com\/noticias\/politica\/los-precios-de-marzo-seran-una-hoguera-de-por-lo-menos-6.phtml\">Leer m\u00e1s<\/a><\/p>\n","protected":false},"excerpt":{"rendered":"<p>El mi\u00e9rcoles se conocer\u00e1 la medici\u00f3n oficial del tercer mes del a\u00f1o; en el Gobierno ruegan que alimentos no superen el 7,5%. Leer m\u00e1s<\/p>\n","protected":false},"author":0,"featured_media":0,"comment_status":"","ping_status":"","sticky":false,"template":"","format":"standard","meta":{"footnotes":""},"categories":[1],"tags":[],"class_list":["post-12393","post","type-post","status-publish","format-standard","hentry","category-sin-categoria"],"_links":{"self":[{"href":"http:\/\/fmdelpueblo.ar\/index.php?rest_route=\/wp\/v2\/posts\/12393","targetHints":{"allow":["GET"]}}],"collection":[{"href":"http:\/\/fmdelpueblo.ar\/index.php?rest_route=\/wp\/v2\/posts"}],"about":[{"href":"http:\/\/fmdelpueblo.ar\/index.php?rest_route=\/wp\/v2\/types\/post"}],"replies":[{"embeddable":true,"href":"http:\/\/fmdelpueblo.ar\/index.php?rest_route=%2Fwp%2Fv2%2Fcomments&post=12393"}],"version-history":[{"count":0,"href":"http:\/\/fmdelpueblo.ar\/index.php?rest_route=\/wp\/v2\/posts\/12393\/revisions"}],"wp:attachment":[{"href":"http:\/\/fmdelpueblo.ar\/index.php?rest_route=%2Fwp%2Fv2%2Fmedia&parent=12393"}],"wp:term":[{"taxonomy":"category","embeddable":true,"href":"http:\/\/fmdelpueblo.ar\/index.php?rest_route=%2Fwp%2Fv2%2Fcategories&post=12393"},{"taxonomy":"post_tag","embeddable":true,"href":"http:\/\/fmdelpueblo.ar\/index.php?rest_route=%2Fwp%2Fv2%2Ftags&post=12393"}],"curies":[{"name":"wp","href":"https:\/\/api.w.org\/{rel}","templated":true}]}}