{"id":123,"date":"2021-10-26T01:23:53","date_gmt":"2021-10-26T01:23:53","guid":{"rendered":"https:\/\/fmdelpueblo.ar\/?p=123"},"modified":"2021-10-26T01:23:53","modified_gmt":"2021-10-26T01:23:53","slug":"rusia-la-desconfianza-rusa-hacia-sputnik-v-provoca-otro-record-de-casos-y-muertes","status":"publish","type":"post","link":"http:\/\/fmdelpueblo.ar\/?p=123","title":{"rendered":"Rusia: la desconfianza rusa hacia Sputnik V provoca otro r\u00e9cord de casos y muertes"},"content":{"rendered":"<\/p>\n<p>El gobierno de Vladimir Putin reconoci\u00f3 que su plan de vacunaci\u00f3n fracas\u00f3, pero lo achac\u00f3 a la negativa de los rusos a aplicarse la vacuna nacional. Apenas el 32% de la poblaci\u00f3n est\u00e1 totalmente vacunada.<br \/>\n <a href=\"https:\/\/www.perfil.com\/noticias\/internacional\/rusia-la-desconfianza-rusa-hacia-sputnik-v-provoca-otro-record-de-casos-y-muertes.phtml\">Leer m\u00e1s<\/a><\/p>\n","protected":false},"excerpt":{"rendered":"<p>El gobierno de Vladimir Putin reconoci\u00f3 que su plan de vacunaci\u00f3n fracas\u00f3, pero lo achac\u00f3 a la negativa de los rusos a aplicarse la vacuna nacional. Apenas el 32% de la poblaci\u00f3n est\u00e1 totalmente vacunada. Leer m\u00e1s<\/p>\n","protected":false},"author":0,"featured_media":0,"comment_status":"","ping_status":"","sticky":false,"template":"","format":"standard","meta":{"footnotes":""},"categories":[1],"tags":[],"class_list":["post-123","post","type-post","status-publish","format-standard","hentry","category-sin-categoria"],"_links":{"self":[{"href":"http:\/\/fmdelpueblo.ar\/index.php?rest_route=\/wp\/v2\/posts\/123","targetHints":{"allow":["GET"]}}],"collection":[{"href":"http:\/\/fmdelpueblo.ar\/index.php?rest_route=\/wp\/v2\/posts"}],"about":[{"href":"http:\/\/fmdelpueblo.ar\/index.php?rest_route=\/wp\/v2\/types\/post"}],"replies":[{"embeddable":true,"href":"http:\/\/fmdelpueblo.ar\/index.php?rest_route=%2Fwp%2Fv2%2Fcomments&post=123"}],"version-history":[{"count":0,"href":"http:\/\/fmdelpueblo.ar\/index.php?rest_route=\/wp\/v2\/posts\/123\/revisions"}],"wp:attachment":[{"href":"http:\/\/fmdelpueblo.ar\/index.php?rest_route=%2Fwp%2Fv2%2Fmedia&parent=123"}],"wp:term":[{"taxonomy":"category","embeddable":true,"href":"http:\/\/fmdelpueblo.ar\/index.php?rest_route=%2Fwp%2Fv2%2Fcategories&post=123"},{"taxonomy":"post_tag","embeddable":true,"href":"http:\/\/fmdelpueblo.ar\/index.php?rest_route=%2Fwp%2Fv2%2Ftags&post=123"}],"curies":[{"name":"wp","href":"https:\/\/api.w.org\/{rel}","templated":true}]}}