{"id":12248,"date":"2022-04-07T15:12:44","date_gmt":"2022-04-07T15:12:44","guid":{"rendered":"https:\/\/fmdelpueblo.ar\/?p=12248"},"modified":"2022-04-07T15:12:44","modified_gmt":"2022-04-07T15:12:44","slug":"antonio-aracre-me-invade-el-pesimismo-con-la-inflacion-a-corto-plazo","status":"publish","type":"post","link":"http:\/\/fmdelpueblo.ar\/?p=12248","title":{"rendered":"Antonio Aracre: \u00abMe invade el pesimismo con la inflaci\u00f3n a corto plazo\u00bb"},"content":{"rendered":"<\/p>\n<p>El CEO de Syngenta para Latinoam\u00e9rica Sur, manifest\u00f3 su preocupaci\u00f3n por la situaci\u00f3n financiera en Argentina y habl\u00f3 de las causas de la suba de precios. Escuch\u00e1 el audio completo. <a href=\"https:\/\/www.perfil.com\/noticias\/modo-fontevecchia\/antonio-aracre-me-invade-el-pesimismo-con-la-inflacion-a-corto-plazo-modof.phtml\">Leer m\u00e1s<\/a><\/p>\n","protected":false},"excerpt":{"rendered":"<p>El CEO de Syngenta para Latinoam\u00e9rica Sur, manifest\u00f3 su preocupaci\u00f3n por la situaci\u00f3n financiera en Argentina y habl\u00f3 de las causas de la suba de precios. Escuch\u00e1 el audio completo. Leer m\u00e1s<\/p>\n","protected":false},"author":0,"featured_media":0,"comment_status":"","ping_status":"","sticky":false,"template":"","format":"standard","meta":{"footnotes":""},"categories":[1],"tags":[],"class_list":["post-12248","post","type-post","status-publish","format-standard","hentry","category-sin-categoria"],"_links":{"self":[{"href":"http:\/\/fmdelpueblo.ar\/index.php?rest_route=\/wp\/v2\/posts\/12248","targetHints":{"allow":["GET"]}}],"collection":[{"href":"http:\/\/fmdelpueblo.ar\/index.php?rest_route=\/wp\/v2\/posts"}],"about":[{"href":"http:\/\/fmdelpueblo.ar\/index.php?rest_route=\/wp\/v2\/types\/post"}],"replies":[{"embeddable":true,"href":"http:\/\/fmdelpueblo.ar\/index.php?rest_route=%2Fwp%2Fv2%2Fcomments&post=12248"}],"version-history":[{"count":0,"href":"http:\/\/fmdelpueblo.ar\/index.php?rest_route=\/wp\/v2\/posts\/12248\/revisions"}],"wp:attachment":[{"href":"http:\/\/fmdelpueblo.ar\/index.php?rest_route=%2Fwp%2Fv2%2Fmedia&parent=12248"}],"wp:term":[{"taxonomy":"category","embeddable":true,"href":"http:\/\/fmdelpueblo.ar\/index.php?rest_route=%2Fwp%2Fv2%2Fcategories&post=12248"},{"taxonomy":"post_tag","embeddable":true,"href":"http:\/\/fmdelpueblo.ar\/index.php?rest_route=%2Fwp%2Fv2%2Ftags&post=12248"}],"curies":[{"name":"wp","href":"https:\/\/api.w.org\/{rel}","templated":true}]}}