{"id":12243,"date":"2022-04-07T14:08:56","date_gmt":"2022-04-07T14:08:56","guid":{"rendered":"https:\/\/fmdelpueblo.ar\/?p=12243"},"modified":"2022-04-07T14:08:56","modified_gmt":"2022-04-07T14:08:56","slug":"sergio-maldonado-la-causa-de-santiago-trasciende-a-los-partidos-politicos","status":"publish","type":"post","link":"http:\/\/fmdelpueblo.ar\/?p=12243","title":{"rendered":"Sergio Maldonado: \u00abLa causa de Santiago trasciende a los partidos pol\u00edticos\u00bb"},"content":{"rendered":"<\/p>\n<p>El hermano de Santiago repas\u00f3 la causa y pidi\u00f3 que se realice una investigaci\u00f3n independiente en el caso. Adem\u00e1s, critic\u00f3 al presidente Alberto Fern\u00e1ndez. Escuch\u00e1 la nota completa. <a href=\"https:\/\/www.perfil.com\/noticias\/modo-fontevecchia\/sergio-maldonado-la-causa-de-santiago-trasciende-a-los-partidos-politicos-modof.phtml\">Leer m\u00e1s<\/a><\/p>\n","protected":false},"excerpt":{"rendered":"<p>El hermano de Santiago repas\u00f3 la causa y pidi\u00f3 que se realice una investigaci\u00f3n independiente en el caso. Adem\u00e1s, critic\u00f3 al presidente Alberto Fern\u00e1ndez. Escuch\u00e1 la nota completa. Leer m\u00e1s<\/p>\n","protected":false},"author":0,"featured_media":0,"comment_status":"","ping_status":"","sticky":false,"template":"","format":"standard","meta":{"footnotes":""},"categories":[1],"tags":[],"class_list":["post-12243","post","type-post","status-publish","format-standard","hentry","category-sin-categoria"],"_links":{"self":[{"href":"http:\/\/fmdelpueblo.ar\/index.php?rest_route=\/wp\/v2\/posts\/12243","targetHints":{"allow":["GET"]}}],"collection":[{"href":"http:\/\/fmdelpueblo.ar\/index.php?rest_route=\/wp\/v2\/posts"}],"about":[{"href":"http:\/\/fmdelpueblo.ar\/index.php?rest_route=\/wp\/v2\/types\/post"}],"replies":[{"embeddable":true,"href":"http:\/\/fmdelpueblo.ar\/index.php?rest_route=%2Fwp%2Fv2%2Fcomments&post=12243"}],"version-history":[{"count":0,"href":"http:\/\/fmdelpueblo.ar\/index.php?rest_route=\/wp\/v2\/posts\/12243\/revisions"}],"wp:attachment":[{"href":"http:\/\/fmdelpueblo.ar\/index.php?rest_route=%2Fwp%2Fv2%2Fmedia&parent=12243"}],"wp:term":[{"taxonomy":"category","embeddable":true,"href":"http:\/\/fmdelpueblo.ar\/index.php?rest_route=%2Fwp%2Fv2%2Fcategories&post=12243"},{"taxonomy":"post_tag","embeddable":true,"href":"http:\/\/fmdelpueblo.ar\/index.php?rest_route=%2Fwp%2Fv2%2Ftags&post=12243"}],"curies":[{"name":"wp","href":"https:\/\/api.w.org\/{rel}","templated":true}]}}