{"id":12239,"date":"2022-04-07T13:09:23","date_gmt":"2022-04-07T13:09:23","guid":{"rendered":"https:\/\/fmdelpueblo.ar\/?p=12239"},"modified":"2022-04-07T13:09:23","modified_gmt":"2022-04-07T13:09:23","slug":"fe-de-vida-a-partir-de-este-8-de-abril-no-se-pedira-mas-a-beneficiarios-del-banco-nacion","status":"publish","type":"post","link":"http:\/\/fmdelpueblo.ar\/?p=12239","title":{"rendered":"Fe de vida: a partir de este 8 de abril no se pedir\u00e1 m\u00e1s a beneficiarios del Banco Naci\u00f3n"},"content":{"rendered":"<\/p>\n<p>Los jubilados y pensionados podr\u00e1n percibir sus haberes sin la necesidad de demostrar la \u00b4supervivencia\u00b4, de acuerdo con el cronograma que estableci\u00f3 la Anses. <a href=\"https:\/\/www.perfil.com\/noticias\/economia\/fe-de-vida-a-partir-de-este-8-de-abril-no-se-pedira-mas-a-beneficiarios-del-banco-nacion.phtml\">Leer m\u00e1s<\/a><\/p>\n","protected":false},"excerpt":{"rendered":"<p>Los jubilados y pensionados podr\u00e1n percibir sus haberes sin la necesidad de demostrar la \u00b4supervivencia\u00b4, de acuerdo con el cronograma que estableci\u00f3 la Anses. Leer m\u00e1s<\/p>\n","protected":false},"author":0,"featured_media":0,"comment_status":"","ping_status":"","sticky":false,"template":"","format":"standard","meta":{"footnotes":""},"categories":[1],"tags":[],"class_list":["post-12239","post","type-post","status-publish","format-standard","hentry","category-sin-categoria"],"_links":{"self":[{"href":"http:\/\/fmdelpueblo.ar\/index.php?rest_route=\/wp\/v2\/posts\/12239","targetHints":{"allow":["GET"]}}],"collection":[{"href":"http:\/\/fmdelpueblo.ar\/index.php?rest_route=\/wp\/v2\/posts"}],"about":[{"href":"http:\/\/fmdelpueblo.ar\/index.php?rest_route=\/wp\/v2\/types\/post"}],"replies":[{"embeddable":true,"href":"http:\/\/fmdelpueblo.ar\/index.php?rest_route=%2Fwp%2Fv2%2Fcomments&post=12239"}],"version-history":[{"count":0,"href":"http:\/\/fmdelpueblo.ar\/index.php?rest_route=\/wp\/v2\/posts\/12239\/revisions"}],"wp:attachment":[{"href":"http:\/\/fmdelpueblo.ar\/index.php?rest_route=%2Fwp%2Fv2%2Fmedia&parent=12239"}],"wp:term":[{"taxonomy":"category","embeddable":true,"href":"http:\/\/fmdelpueblo.ar\/index.php?rest_route=%2Fwp%2Fv2%2Fcategories&post=12239"},{"taxonomy":"post_tag","embeddable":true,"href":"http:\/\/fmdelpueblo.ar\/index.php?rest_route=%2Fwp%2Fv2%2Ftags&post=12239"}],"curies":[{"name":"wp","href":"https:\/\/api.w.org\/{rel}","templated":true}]}}