{"id":12238,"date":"2022-04-07T13:09:23","date_gmt":"2022-04-07T13:09:23","guid":{"rendered":"https:\/\/fmdelpueblo.ar\/?p=12238"},"modified":"2022-04-07T13:09:23","modified_gmt":"2022-04-07T13:09:23","slug":"paula-oliveto-los-extremos-en-los-momentos-de-crisis-no-sirven","status":"publish","type":"post","link":"http:\/\/fmdelpueblo.ar\/?p=12238","title":{"rendered":"Paula Oliveto: \u201cLos extremos en los momentos de crisis no sirven\u00bb"},"content":{"rendered":"<\/p>\n<p>La diputada nacional de Juntos por el Cambio y presidente de la Coalici\u00f3n C\u00edvica ARI se refiri\u00f3 a la interna entre \u201cpalomas\u201d y \u201chalcones\u201d y resalt\u00f3 que los extremos no benefician en los momentos de crisis. Sobre Lilita Carri\u00f3 dijo: \u201cMe gustar\u00eda que Carri\u00f3 sea candidata a presidenta\u201d.  <a href=\"https:\/\/www.perfil.com\/noticias\/modo-fontevecchia\/paula-oliveto-los-extremos-en-los-momentos-de-crisis-no-sirven-modof.phtml\">Leer m\u00e1s<\/a><\/p>\n","protected":false},"excerpt":{"rendered":"<p>La diputada nacional de Juntos por el Cambio y presidente de la Coalici\u00f3n C\u00edvica ARI se refiri\u00f3 a la interna entre \u201cpalomas\u201d y \u201chalcones\u201d y resalt\u00f3 que los extremos no benefician en los momentos de crisis. Sobre Lilita Carri\u00f3 dijo: \u201cMe gustar\u00eda que Carri\u00f3 sea candidata a presidenta\u201d. Leer m\u00e1s<\/p>\n","protected":false},"author":0,"featured_media":0,"comment_status":"","ping_status":"","sticky":false,"template":"","format":"standard","meta":{"footnotes":""},"categories":[1],"tags":[],"class_list":["post-12238","post","type-post","status-publish","format-standard","hentry","category-sin-categoria"],"_links":{"self":[{"href":"http:\/\/fmdelpueblo.ar\/index.php?rest_route=\/wp\/v2\/posts\/12238","targetHints":{"allow":["GET"]}}],"collection":[{"href":"http:\/\/fmdelpueblo.ar\/index.php?rest_route=\/wp\/v2\/posts"}],"about":[{"href":"http:\/\/fmdelpueblo.ar\/index.php?rest_route=\/wp\/v2\/types\/post"}],"replies":[{"embeddable":true,"href":"http:\/\/fmdelpueblo.ar\/index.php?rest_route=%2Fwp%2Fv2%2Fcomments&post=12238"}],"version-history":[{"count":0,"href":"http:\/\/fmdelpueblo.ar\/index.php?rest_route=\/wp\/v2\/posts\/12238\/revisions"}],"wp:attachment":[{"href":"http:\/\/fmdelpueblo.ar\/index.php?rest_route=%2Fwp%2Fv2%2Fmedia&parent=12238"}],"wp:term":[{"taxonomy":"category","embeddable":true,"href":"http:\/\/fmdelpueblo.ar\/index.php?rest_route=%2Fwp%2Fv2%2Fcategories&post=12238"},{"taxonomy":"post_tag","embeddable":true,"href":"http:\/\/fmdelpueblo.ar\/index.php?rest_route=%2Fwp%2Fv2%2Ftags&post=12238"}],"curies":[{"name":"wp","href":"https:\/\/api.w.org\/{rel}","templated":true}]}}