{"id":12237,"date":"2022-04-07T13:09:23","date_gmt":"2022-04-07T13:09:23","guid":{"rendered":"https:\/\/fmdelpueblo.ar\/?p=12237"},"modified":"2022-04-07T13:09:23","modified_gmt":"2022-04-07T13:09:23","slug":"oscar-parrilli-tras-el-anuncio-de-paritarias-me-dejo-gusto-a-poco-debian-tomarse-medidas-mas-contundentes","status":"publish","type":"post","link":"http:\/\/fmdelpueblo.ar\/?p=12237","title":{"rendered":"Oscar Parrilli, tras el anuncio de paritarias: \u00abMe dej\u00f3 gusto a poco, deb\u00edan tomarse medidas m\u00e1s contundentes\u00bb"},"content":{"rendered":"<\/p>\n<p>El senador af\u00edn a Cristina Kirchner reclam\u00f3 decisiones \u00abm\u00e1s firmes\u00bb y remarc\u00f3 que \u00abla plata para los trabajadores no se fuga, va al consumo\u00bb. Sobre el acuerdo con el FMI, dijo que no estuvo de acuerdo \u00abcon la manera que se llev\u00f3 adelante la negociaci\u00f3n\u00bb. <a href=\"https:\/\/www.perfil.com\/noticias\/politica\/oscar-parrilli-tras-el-adelanto-de-paritarias-me-dejo-gusto-a-poco-debian-tomarse-medidas-mas-contundentes.phtml\">Leer m\u00e1s<\/a><\/p>\n","protected":false},"excerpt":{"rendered":"<p>El senador af\u00edn a Cristina Kirchner reclam\u00f3 decisiones \u00abm\u00e1s firmes\u00bb y remarc\u00f3 que \u00abla plata para los trabajadores no se fuga, va al consumo\u00bb. Sobre el acuerdo con el FMI, dijo que no estuvo de acuerdo \u00abcon la manera que se llev\u00f3 adelante la negociaci\u00f3n\u00bb. Leer m\u00e1s<\/p>\n","protected":false},"author":0,"featured_media":0,"comment_status":"","ping_status":"","sticky":false,"template":"","format":"standard","meta":{"footnotes":""},"categories":[1],"tags":[],"class_list":["post-12237","post","type-post","status-publish","format-standard","hentry","category-sin-categoria"],"_links":{"self":[{"href":"http:\/\/fmdelpueblo.ar\/index.php?rest_route=\/wp\/v2\/posts\/12237","targetHints":{"allow":["GET"]}}],"collection":[{"href":"http:\/\/fmdelpueblo.ar\/index.php?rest_route=\/wp\/v2\/posts"}],"about":[{"href":"http:\/\/fmdelpueblo.ar\/index.php?rest_route=\/wp\/v2\/types\/post"}],"replies":[{"embeddable":true,"href":"http:\/\/fmdelpueblo.ar\/index.php?rest_route=%2Fwp%2Fv2%2Fcomments&post=12237"}],"version-history":[{"count":0,"href":"http:\/\/fmdelpueblo.ar\/index.php?rest_route=\/wp\/v2\/posts\/12237\/revisions"}],"wp:attachment":[{"href":"http:\/\/fmdelpueblo.ar\/index.php?rest_route=%2Fwp%2Fv2%2Fmedia&parent=12237"}],"wp:term":[{"taxonomy":"category","embeddable":true,"href":"http:\/\/fmdelpueblo.ar\/index.php?rest_route=%2Fwp%2Fv2%2Fcategories&post=12237"},{"taxonomy":"post_tag","embeddable":true,"href":"http:\/\/fmdelpueblo.ar\/index.php?rest_route=%2Fwp%2Fv2%2Ftags&post=12237"}],"curies":[{"name":"wp","href":"https:\/\/api.w.org\/{rel}","templated":true}]}}