{"id":12236,"date":"2022-04-07T12:14:02","date_gmt":"2022-04-07T12:14:02","guid":{"rendered":"https:\/\/fmdelpueblo.ar\/?p=12236"},"modified":"2022-04-07T12:14:02","modified_gmt":"2022-04-07T12:14:02","slug":"cada-ano-13-millones-de-personas-mueren-por-causas-ambientales-que-pueden-evitarse","status":"publish","type":"post","link":"http:\/\/fmdelpueblo.ar\/?p=12236","title":{"rendered":"Cada a\u00f1o, 13 millones de personas mueren por causas ambientales que pueden evitarse"},"content":{"rendered":"<\/p>\n<p>Lo dice la Organizaci\u00f3n Mundial de la Salud que, al nacer hace 76 a\u00f1os, dio origen al D\u00eda Mundial de la Salud. En 1948, el paludismo, la tuberculosis y las enfermedades ven\u00e9reas eran sus mayores preocupaciones. Hoy, con m\u00e1s recursos, m\u00e1s ciencia y el triple de miembros, el c\u00e1ncer, el asma y las cardiopat\u00edas le resultan casi incontrolables. <a href=\"https:\/\/www.perfil.com\/noticias\/actualidad\/cada-ano-13-millones-de-personas-mueren-por-causas-ambientales-que-pueden-evitarse.phtml\">Leer m\u00e1s<\/a><\/p>\n","protected":false},"excerpt":{"rendered":"<p>Lo dice la Organizaci\u00f3n Mundial de la Salud que, al nacer hace 76 a\u00f1os, dio origen al D\u00eda Mundial de la Salud. En 1948, el paludismo, la tuberculosis y las enfermedades ven\u00e9reas eran sus mayores preocupaciones. Hoy, con m\u00e1s recursos, m\u00e1s ciencia y el triple de miembros, el c\u00e1ncer, el asma y las cardiopat\u00edas le [&hellip;]<\/p>\n","protected":false},"author":0,"featured_media":0,"comment_status":"","ping_status":"","sticky":false,"template":"","format":"standard","meta":{"footnotes":""},"categories":[1],"tags":[],"class_list":["post-12236","post","type-post","status-publish","format-standard","hentry","category-sin-categoria"],"_links":{"self":[{"href":"http:\/\/fmdelpueblo.ar\/index.php?rest_route=\/wp\/v2\/posts\/12236","targetHints":{"allow":["GET"]}}],"collection":[{"href":"http:\/\/fmdelpueblo.ar\/index.php?rest_route=\/wp\/v2\/posts"}],"about":[{"href":"http:\/\/fmdelpueblo.ar\/index.php?rest_route=\/wp\/v2\/types\/post"}],"replies":[{"embeddable":true,"href":"http:\/\/fmdelpueblo.ar\/index.php?rest_route=%2Fwp%2Fv2%2Fcomments&post=12236"}],"version-history":[{"count":0,"href":"http:\/\/fmdelpueblo.ar\/index.php?rest_route=\/wp\/v2\/posts\/12236\/revisions"}],"wp:attachment":[{"href":"http:\/\/fmdelpueblo.ar\/index.php?rest_route=%2Fwp%2Fv2%2Fmedia&parent=12236"}],"wp:term":[{"taxonomy":"category","embeddable":true,"href":"http:\/\/fmdelpueblo.ar\/index.php?rest_route=%2Fwp%2Fv2%2Fcategories&post=12236"},{"taxonomy":"post_tag","embeddable":true,"href":"http:\/\/fmdelpueblo.ar\/index.php?rest_route=%2Fwp%2Fv2%2Ftags&post=12236"}],"curies":[{"name":"wp","href":"https:\/\/api.w.org\/{rel}","templated":true}]}}