{"id":12235,"date":"2022-04-07T12:14:02","date_gmt":"2022-04-07T12:14:02","guid":{"rendered":"https:\/\/fmdelpueblo.ar\/?p=12235"},"modified":"2022-04-07T12:14:02","modified_gmt":"2022-04-07T12:14:02","slug":"vidal-contra-los-dirigentes-piqueteros-en-que-eleccion-la-gente-los-legitimo-para-administar-planes","status":"publish","type":"post","link":"http:\/\/fmdelpueblo.ar\/?p=12235","title":{"rendered":"Vidal contra los dirigentes piqueteros: \u00ab\u00bfEn qu\u00e9 elecci\u00f3n la gente los legitim\u00f3 para administar planes?\u00bb"},"content":{"rendered":"<\/p>\n<p>La exgobernadora responsabilizo al gobierno por \u201cfinanciar\u201d a los \u201cextorsionadores\u201d. \u201cEmpiecen cortando el componente de financiamiento que no va directamente a la gente\u201d, reclam\u00f3. <a href=\"https:\/\/www.perfil.com\/noticias\/politica\/vidal-contra-los-dirigentes-piqueteros-en-que-eleccion-la-gente-los-legitimo-para-que-administren-los-planes.phtml\">Leer m\u00e1s<\/a><\/p>\n","protected":false},"excerpt":{"rendered":"<p>La exgobernadora responsabilizo al gobierno por \u201cfinanciar\u201d a los \u201cextorsionadores\u201d. \u201cEmpiecen cortando el componente de financiamiento que no va directamente a la gente\u201d, reclam\u00f3. Leer m\u00e1s<\/p>\n","protected":false},"author":0,"featured_media":0,"comment_status":"","ping_status":"","sticky":false,"template":"","format":"standard","meta":{"footnotes":""},"categories":[1],"tags":[],"class_list":["post-12235","post","type-post","status-publish","format-standard","hentry","category-sin-categoria"],"_links":{"self":[{"href":"http:\/\/fmdelpueblo.ar\/index.php?rest_route=\/wp\/v2\/posts\/12235","targetHints":{"allow":["GET"]}}],"collection":[{"href":"http:\/\/fmdelpueblo.ar\/index.php?rest_route=\/wp\/v2\/posts"}],"about":[{"href":"http:\/\/fmdelpueblo.ar\/index.php?rest_route=\/wp\/v2\/types\/post"}],"replies":[{"embeddable":true,"href":"http:\/\/fmdelpueblo.ar\/index.php?rest_route=%2Fwp%2Fv2%2Fcomments&post=12235"}],"version-history":[{"count":0,"href":"http:\/\/fmdelpueblo.ar\/index.php?rest_route=\/wp\/v2\/posts\/12235\/revisions"}],"wp:attachment":[{"href":"http:\/\/fmdelpueblo.ar\/index.php?rest_route=%2Fwp%2Fv2%2Fmedia&parent=12235"}],"wp:term":[{"taxonomy":"category","embeddable":true,"href":"http:\/\/fmdelpueblo.ar\/index.php?rest_route=%2Fwp%2Fv2%2Fcategories&post=12235"},{"taxonomy":"post_tag","embeddable":true,"href":"http:\/\/fmdelpueblo.ar\/index.php?rest_route=%2Fwp%2Fv2%2Ftags&post=12235"}],"curies":[{"name":"wp","href":"https:\/\/api.w.org\/{rel}","templated":true}]}}