{"id":12232,"date":"2022-04-07T11:09:12","date_gmt":"2022-04-07T11:09:12","guid":{"rendered":"https:\/\/fmdelpueblo.ar\/?p=12232"},"modified":"2022-04-07T11:09:12","modified_gmt":"2022-04-07T11:09:12","slug":"el-periodismo-en-decadencia","status":"publish","type":"post","link":"http:\/\/fmdelpueblo.ar\/?p=12232","title":{"rendered":"El periodismo en decadencia"},"content":{"rendered":"<\/p>\n<p>Nos encontramos con programas de periodismo de dos tipos: los de trinchera, defendiendo a rajatabla una posici\u00f3n pol\u00edtica inclusive falseando la realidad, o los que buscan volverse m\u00e1s atractivos hacia las nuevas plataformas de comunicaci\u00f3n.  <a href=\"https:\/\/www.perfil.com\/noticias\/opinion\/roberto-nolazco-el-periodismo-en-decadencia.phtml\">Leer m\u00e1s<\/a><\/p>\n","protected":false},"excerpt":{"rendered":"<p>Nos encontramos con programas de periodismo de dos tipos: los de trinchera, defendiendo a rajatabla una posici\u00f3n pol\u00edtica inclusive falseando la realidad, o los que buscan volverse m\u00e1s atractivos hacia las nuevas plataformas de comunicaci\u00f3n. Leer m\u00e1s<\/p>\n","protected":false},"author":0,"featured_media":0,"comment_status":"","ping_status":"","sticky":false,"template":"","format":"standard","meta":{"footnotes":""},"categories":[1],"tags":[],"class_list":["post-12232","post","type-post","status-publish","format-standard","hentry","category-sin-categoria"],"_links":{"self":[{"href":"http:\/\/fmdelpueblo.ar\/index.php?rest_route=\/wp\/v2\/posts\/12232","targetHints":{"allow":["GET"]}}],"collection":[{"href":"http:\/\/fmdelpueblo.ar\/index.php?rest_route=\/wp\/v2\/posts"}],"about":[{"href":"http:\/\/fmdelpueblo.ar\/index.php?rest_route=\/wp\/v2\/types\/post"}],"replies":[{"embeddable":true,"href":"http:\/\/fmdelpueblo.ar\/index.php?rest_route=%2Fwp%2Fv2%2Fcomments&post=12232"}],"version-history":[{"count":0,"href":"http:\/\/fmdelpueblo.ar\/index.php?rest_route=\/wp\/v2\/posts\/12232\/revisions"}],"wp:attachment":[{"href":"http:\/\/fmdelpueblo.ar\/index.php?rest_route=%2Fwp%2Fv2%2Fmedia&parent=12232"}],"wp:term":[{"taxonomy":"category","embeddable":true,"href":"http:\/\/fmdelpueblo.ar\/index.php?rest_route=%2Fwp%2Fv2%2Fcategories&post=12232"},{"taxonomy":"post_tag","embeddable":true,"href":"http:\/\/fmdelpueblo.ar\/index.php?rest_route=%2Fwp%2Fv2%2Ftags&post=12232"}],"curies":[{"name":"wp","href":"https:\/\/api.w.org\/{rel}","templated":true}]}}