{"id":12229,"date":"2022-04-07T09:10:05","date_gmt":"2022-04-07T09:10:05","guid":{"rendered":"https:\/\/fmdelpueblo.ar\/?p=12229"},"modified":"2022-04-07T09:10:05","modified_gmt":"2022-04-07T09:10:05","slug":"el-ultimo-tren-de-alberto-cristina-no-puede-ubicar-a-maximo-y-macri-con-el-corazon-en-bullrich","status":"publish","type":"post","link":"http:\/\/fmdelpueblo.ar\/?p=12229","title":{"rendered":"El \u00faltimo tren de Alberto, Cristina no puede ubicar a M\u00e1ximo y Macri con el coraz\u00f3n en Bullrich"},"content":{"rendered":"<\/p>\n<p>Cristina y Alberto titubean ante sus propios dilemas por la sucesi\u00f3n, al igual que el jefe opositor al que el tema del 2023 lo agobia. <a href=\"https:\/\/www.perfil.com\/noticias\/columnistas\/ultimo-tren-alberto-cristina-no-puede-ubicar-maximo-macri-coraz%C3%B3n-bullrich-por-roberto-garcia.phtml\">Leer m\u00e1s<\/a><\/p>\n","protected":false},"excerpt":{"rendered":"<p>Cristina y Alberto titubean ante sus propios dilemas por la sucesi\u00f3n, al igual que el jefe opositor al que el tema del 2023 lo agobia. Leer m\u00e1s<\/p>\n","protected":false},"author":0,"featured_media":0,"comment_status":"","ping_status":"","sticky":false,"template":"","format":"standard","meta":{"footnotes":""},"categories":[1],"tags":[],"class_list":["post-12229","post","type-post","status-publish","format-standard","hentry","category-sin-categoria"],"_links":{"self":[{"href":"http:\/\/fmdelpueblo.ar\/index.php?rest_route=\/wp\/v2\/posts\/12229","targetHints":{"allow":["GET"]}}],"collection":[{"href":"http:\/\/fmdelpueblo.ar\/index.php?rest_route=\/wp\/v2\/posts"}],"about":[{"href":"http:\/\/fmdelpueblo.ar\/index.php?rest_route=\/wp\/v2\/types\/post"}],"replies":[{"embeddable":true,"href":"http:\/\/fmdelpueblo.ar\/index.php?rest_route=%2Fwp%2Fv2%2Fcomments&post=12229"}],"version-history":[{"count":0,"href":"http:\/\/fmdelpueblo.ar\/index.php?rest_route=\/wp\/v2\/posts\/12229\/revisions"}],"wp:attachment":[{"href":"http:\/\/fmdelpueblo.ar\/index.php?rest_route=%2Fwp%2Fv2%2Fmedia&parent=12229"}],"wp:term":[{"taxonomy":"category","embeddable":true,"href":"http:\/\/fmdelpueblo.ar\/index.php?rest_route=%2Fwp%2Fv2%2Fcategories&post=12229"},{"taxonomy":"post_tag","embeddable":true,"href":"http:\/\/fmdelpueblo.ar\/index.php?rest_route=%2Fwp%2Fv2%2Ftags&post=12229"}],"curies":[{"name":"wp","href":"https:\/\/api.w.org\/{rel}","templated":true}]}}