{"id":12228,"date":"2022-04-07T07:09:29","date_gmt":"2022-04-07T07:09:29","guid":{"rendered":"https:\/\/fmdelpueblo.ar\/?p=12228"},"modified":"2022-04-07T07:09:29","modified_gmt":"2022-04-07T07:09:29","slug":"roberto-baradel-y-ctera-rechazaron-la-extension-horaria-de-las-clases-sobrecarga-el-trabajo-docente","status":"publish","type":"post","link":"http:\/\/fmdelpueblo.ar\/?p=12228","title":{"rendered":"Roberto Baradel y CTERA rechazaron la extensi\u00f3n horaria de las clases: \u00abSobrecarga el trabajo docente\u00bb"},"content":{"rendered":"<\/p>\n<p>\u00abVulnera los derechos laborales\u00bb, lanz\u00f3 la entidad sindical docente que adem\u00e1s pidi\u00f3 una convocatoria \u00aburgente\u00bb a la paritaria nacional. <a href=\"https:\/\/www.perfil.com\/noticias\/actualidad\/roberto-baradel-ctera-rechazaron-extension-horaria-clases-sobrecarga-el-trabajo-docente.phtml\">Leer m\u00e1s<\/a><\/p>\n","protected":false},"excerpt":{"rendered":"<p>\u00abVulnera los derechos laborales\u00bb, lanz\u00f3 la entidad sindical docente que adem\u00e1s pidi\u00f3 una convocatoria \u00aburgente\u00bb a la paritaria nacional. Leer m\u00e1s<\/p>\n","protected":false},"author":0,"featured_media":0,"comment_status":"","ping_status":"","sticky":false,"template":"","format":"standard","meta":{"footnotes":""},"categories":[1],"tags":[],"class_list":["post-12228","post","type-post","status-publish","format-standard","hentry","category-sin-categoria"],"_links":{"self":[{"href":"http:\/\/fmdelpueblo.ar\/index.php?rest_route=\/wp\/v2\/posts\/12228","targetHints":{"allow":["GET"]}}],"collection":[{"href":"http:\/\/fmdelpueblo.ar\/index.php?rest_route=\/wp\/v2\/posts"}],"about":[{"href":"http:\/\/fmdelpueblo.ar\/index.php?rest_route=\/wp\/v2\/types\/post"}],"replies":[{"embeddable":true,"href":"http:\/\/fmdelpueblo.ar\/index.php?rest_route=%2Fwp%2Fv2%2Fcomments&post=12228"}],"version-history":[{"count":0,"href":"http:\/\/fmdelpueblo.ar\/index.php?rest_route=\/wp\/v2\/posts\/12228\/revisions"}],"wp:attachment":[{"href":"http:\/\/fmdelpueblo.ar\/index.php?rest_route=%2Fwp%2Fv2%2Fmedia&parent=12228"}],"wp:term":[{"taxonomy":"category","embeddable":true,"href":"http:\/\/fmdelpueblo.ar\/index.php?rest_route=%2Fwp%2Fv2%2Fcategories&post=12228"},{"taxonomy":"post_tag","embeddable":true,"href":"http:\/\/fmdelpueblo.ar\/index.php?rest_route=%2Fwp%2Fv2%2Ftags&post=12228"}],"curies":[{"name":"wp","href":"https:\/\/api.w.org\/{rel}","templated":true}]}}