{"id":12224,"date":"2022-04-07T04:09:27","date_gmt":"2022-04-07T04:09:27","guid":{"rendered":"https:\/\/fmdelpueblo.ar\/?p=12224"},"modified":"2022-04-07T04:09:27","modified_gmt":"2022-04-07T04:09:27","slug":"franja-morada-celebro-con-cantos-en-contra-de-los-kirchner-y-la-campora-los-repudio","status":"publish","type":"post","link":"http:\/\/fmdelpueblo.ar\/?p=12224","title":{"rendered":"Franja Morada celebr\u00f3 con cantos en contra de los Kirchner y La C\u00e1mpora los repudi\u00f3"},"content":{"rendered":"<\/p>\n<p>Tras triunfar en las elecciones estudiantiles en la Universidad Nacional del Nordeste, la agrupaci\u00f3n festej\u00f3 con consignas violentas relacionadas a la muerte de N\u00e9stor y Cristina. <a href=\"https:\/\/www.perfil.com\/noticias\/politica\/franja-morada-celebro-cantos-contra-kirchner-la-campora-repudio.phtml\">Leer m\u00e1s<\/a><\/p>\n","protected":false},"excerpt":{"rendered":"<p>Tras triunfar en las elecciones estudiantiles en la Universidad Nacional del Nordeste, la agrupaci\u00f3n festej\u00f3 con consignas violentas relacionadas a la muerte de N\u00e9stor y Cristina. Leer m\u00e1s<\/p>\n","protected":false},"author":0,"featured_media":0,"comment_status":"","ping_status":"","sticky":false,"template":"","format":"standard","meta":{"footnotes":""},"categories":[1],"tags":[],"class_list":["post-12224","post","type-post","status-publish","format-standard","hentry","category-sin-categoria"],"_links":{"self":[{"href":"http:\/\/fmdelpueblo.ar\/index.php?rest_route=\/wp\/v2\/posts\/12224","targetHints":{"allow":["GET"]}}],"collection":[{"href":"http:\/\/fmdelpueblo.ar\/index.php?rest_route=\/wp\/v2\/posts"}],"about":[{"href":"http:\/\/fmdelpueblo.ar\/index.php?rest_route=\/wp\/v2\/types\/post"}],"replies":[{"embeddable":true,"href":"http:\/\/fmdelpueblo.ar\/index.php?rest_route=%2Fwp%2Fv2%2Fcomments&post=12224"}],"version-history":[{"count":0,"href":"http:\/\/fmdelpueblo.ar\/index.php?rest_route=\/wp\/v2\/posts\/12224\/revisions"}],"wp:attachment":[{"href":"http:\/\/fmdelpueblo.ar\/index.php?rest_route=%2Fwp%2Fv2%2Fmedia&parent=12224"}],"wp:term":[{"taxonomy":"category","embeddable":true,"href":"http:\/\/fmdelpueblo.ar\/index.php?rest_route=%2Fwp%2Fv2%2Fcategories&post=12224"},{"taxonomy":"post_tag","embeddable":true,"href":"http:\/\/fmdelpueblo.ar\/index.php?rest_route=%2Fwp%2Fv2%2Ftags&post=12224"}],"curies":[{"name":"wp","href":"https:\/\/api.w.org\/{rel}","templated":true}]}}