{"id":12218,"date":"2022-04-07T01:12:31","date_gmt":"2022-04-07T01:12:31","guid":{"rendered":"http:\/\/fmdelpueblo.ar\/?p=12218"},"modified":"2022-04-07T01:12:31","modified_gmt":"2022-04-07T01:12:31","slug":"la-crisis-en-peru-se-profundiza-y-continuan-las-protestas","status":"publish","type":"post","link":"http:\/\/fmdelpueblo.ar\/?p=12218","title":{"rendered":"La crisis en Per\u00fa se profundiza y contin\u00faan las protestas"},"content":{"rendered":"<\/p>\n<p>Ahora se convoc\u00f3 otra movilizaci\u00f3n para el d\u00eda jueves mientras contin\u00faan los bloqueos de carreteras, saqueos a comercios y la represi\u00f3n policial. <a href=\"https:\/\/www.perfil.com\/noticias\/reperfilar\/crisis-en-peru-tras-8-meses-de-la-asuncion-de-castillo-manifestantes-piden-su-renuncia.phtml\">Leer m\u00e1s<\/a><\/p>\n","protected":false},"excerpt":{"rendered":"<p>Ahora se convoc\u00f3 otra movilizaci\u00f3n para el d\u00eda jueves mientras contin\u00faan los bloqueos de carreteras, saqueos a comercios y la represi\u00f3n policial. Leer m\u00e1s<\/p>\n","protected":false},"author":0,"featured_media":0,"comment_status":"","ping_status":"","sticky":false,"template":"","format":"standard","meta":{"footnotes":""},"categories":[1],"tags":[],"class_list":["post-12218","post","type-post","status-publish","format-standard","hentry","category-sin-categoria"],"_links":{"self":[{"href":"http:\/\/fmdelpueblo.ar\/index.php?rest_route=\/wp\/v2\/posts\/12218","targetHints":{"allow":["GET"]}}],"collection":[{"href":"http:\/\/fmdelpueblo.ar\/index.php?rest_route=\/wp\/v2\/posts"}],"about":[{"href":"http:\/\/fmdelpueblo.ar\/index.php?rest_route=\/wp\/v2\/types\/post"}],"replies":[{"embeddable":true,"href":"http:\/\/fmdelpueblo.ar\/index.php?rest_route=%2Fwp%2Fv2%2Fcomments&post=12218"}],"version-history":[{"count":0,"href":"http:\/\/fmdelpueblo.ar\/index.php?rest_route=\/wp\/v2\/posts\/12218\/revisions"}],"wp:attachment":[{"href":"http:\/\/fmdelpueblo.ar\/index.php?rest_route=%2Fwp%2Fv2%2Fmedia&parent=12218"}],"wp:term":[{"taxonomy":"category","embeddable":true,"href":"http:\/\/fmdelpueblo.ar\/index.php?rest_route=%2Fwp%2Fv2%2Fcategories&post=12218"},{"taxonomy":"post_tag","embeddable":true,"href":"http:\/\/fmdelpueblo.ar\/index.php?rest_route=%2Fwp%2Fv2%2Ftags&post=12218"}],"curies":[{"name":"wp","href":"https:\/\/api.w.org\/{rel}","templated":true}]}}