{"id":12213,"date":"2022-04-07T00:10:08","date_gmt":"2022-04-07T00:10:08","guid":{"rendered":"https:\/\/fmdelpueblo.ar\/?p=12213"},"modified":"2022-04-07T00:10:08","modified_gmt":"2022-04-07T00:10:08","slug":"observatorio-de-precios-de-frutas-y-verduras-cuanto-aumentaron-los-alimentos-en-abril","status":"publish","type":"post","link":"http:\/\/fmdelpueblo.ar\/?p=12213","title":{"rendered":"Observatorio de Precios de Frutas y Verduras: cu\u00e1nto aumentaron los alimentos en abril"},"content":{"rendered":"<\/p>\n<p>Mes a mes compararemos el precio de los siguientes productos: 1 kilo de: tomate, lechuga, zanahoria, papa, cebolla, lim\u00f3n, zapallo anco, zapallito, berenjena y morr\u00f3n rojo para monitorear la evoluci\u00f3n de los precios.  <a href=\"https:\/\/www.perfil.com\/noticias\/reperfilar\/observatorio-de-precios-de-frutas-y-verduras-el-total-de-abril-fue-de-2805.phtml\">Leer m\u00e1s<\/a><\/p>\n","protected":false},"excerpt":{"rendered":"<p>Mes a mes compararemos el precio de los siguientes productos: 1 kilo de: tomate, lechuga, zanahoria, papa, cebolla, lim\u00f3n, zapallo anco, zapallito, berenjena y morr\u00f3n rojo para monitorear la evoluci\u00f3n de los precios. Leer m\u00e1s<\/p>\n","protected":false},"author":0,"featured_media":0,"comment_status":"","ping_status":"","sticky":false,"template":"","format":"standard","meta":{"footnotes":""},"categories":[1],"tags":[],"class_list":["post-12213","post","type-post","status-publish","format-standard","hentry","category-sin-categoria"],"_links":{"self":[{"href":"http:\/\/fmdelpueblo.ar\/index.php?rest_route=\/wp\/v2\/posts\/12213","targetHints":{"allow":["GET"]}}],"collection":[{"href":"http:\/\/fmdelpueblo.ar\/index.php?rest_route=\/wp\/v2\/posts"}],"about":[{"href":"http:\/\/fmdelpueblo.ar\/index.php?rest_route=\/wp\/v2\/types\/post"}],"replies":[{"embeddable":true,"href":"http:\/\/fmdelpueblo.ar\/index.php?rest_route=%2Fwp%2Fv2%2Fcomments&post=12213"}],"version-history":[{"count":0,"href":"http:\/\/fmdelpueblo.ar\/index.php?rest_route=\/wp\/v2\/posts\/12213\/revisions"}],"wp:attachment":[{"href":"http:\/\/fmdelpueblo.ar\/index.php?rest_route=%2Fwp%2Fv2%2Fmedia&parent=12213"}],"wp:term":[{"taxonomy":"category","embeddable":true,"href":"http:\/\/fmdelpueblo.ar\/index.php?rest_route=%2Fwp%2Fv2%2Fcategories&post=12213"},{"taxonomy":"post_tag","embeddable":true,"href":"http:\/\/fmdelpueblo.ar\/index.php?rest_route=%2Fwp%2Fv2%2Ftags&post=12213"}],"curies":[{"name":"wp","href":"https:\/\/api.w.org\/{rel}","templated":true}]}}