{"id":12212,"date":"2022-04-07T00:10:08","date_gmt":"2022-04-07T00:10:08","guid":{"rendered":"https:\/\/fmdelpueblo.ar\/?p=12212"},"modified":"2022-04-07T00:10:08","modified_gmt":"2022-04-07T00:10:08","slug":"para-jose-rozados-de-reporte-inmobiliario-hoy-no-es-negocio-alquilar-un-inmueble","status":"publish","type":"post","link":"http:\/\/fmdelpueblo.ar\/?p=12212","title":{"rendered":"Para Jos\u00e9 Rozados de Reporte Inmobiliario, \u00abhoy no es negocio alquilar un inmueble\u00bb"},"content":{"rendered":"<\/p>\n<p>El presidente de Reporte Inmobiliario, asegur\u00f3 que en una econom\u00eda con alta inflaci\u00f3n es dif\u00edcil contentar a todas las partes. <a href=\"https:\/\/www.perfil.com\/noticias\/reperfilar\/reporte-inmobiliario-hoy-no-es-negocio-alquilar-un-inmueble.phtml\">Leer m\u00e1s<\/a><\/p>\n","protected":false},"excerpt":{"rendered":"<p>El presidente de Reporte Inmobiliario, asegur\u00f3 que en una econom\u00eda con alta inflaci\u00f3n es dif\u00edcil contentar a todas las partes. Leer m\u00e1s<\/p>\n","protected":false},"author":0,"featured_media":0,"comment_status":"","ping_status":"","sticky":false,"template":"","format":"standard","meta":{"footnotes":""},"categories":[1],"tags":[],"class_list":["post-12212","post","type-post","status-publish","format-standard","hentry","category-sin-categoria"],"_links":{"self":[{"href":"http:\/\/fmdelpueblo.ar\/index.php?rest_route=\/wp\/v2\/posts\/12212","targetHints":{"allow":["GET"]}}],"collection":[{"href":"http:\/\/fmdelpueblo.ar\/index.php?rest_route=\/wp\/v2\/posts"}],"about":[{"href":"http:\/\/fmdelpueblo.ar\/index.php?rest_route=\/wp\/v2\/types\/post"}],"replies":[{"embeddable":true,"href":"http:\/\/fmdelpueblo.ar\/index.php?rest_route=%2Fwp%2Fv2%2Fcomments&post=12212"}],"version-history":[{"count":0,"href":"http:\/\/fmdelpueblo.ar\/index.php?rest_route=\/wp\/v2\/posts\/12212\/revisions"}],"wp:attachment":[{"href":"http:\/\/fmdelpueblo.ar\/index.php?rest_route=%2Fwp%2Fv2%2Fmedia&parent=12212"}],"wp:term":[{"taxonomy":"category","embeddable":true,"href":"http:\/\/fmdelpueblo.ar\/index.php?rest_route=%2Fwp%2Fv2%2Fcategories&post=12212"},{"taxonomy":"post_tag","embeddable":true,"href":"http:\/\/fmdelpueblo.ar\/index.php?rest_route=%2Fwp%2Fv2%2Ftags&post=12212"}],"curies":[{"name":"wp","href":"https:\/\/api.w.org\/{rel}","templated":true}]}}