{"id":12211,"date":"2022-04-07T00:10:07","date_gmt":"2022-04-07T00:10:07","guid":{"rendered":"https:\/\/fmdelpueblo.ar\/?p=12211"},"modified":"2022-04-07T00:10:07","modified_gmt":"2022-04-07T00:10:07","slug":"lewin-sobre-la-hora-extra-de-clases-la-medida-tiende-a-mejorar-el-nivel-educativo","status":"publish","type":"post","link":"http:\/\/fmdelpueblo.ar\/?p=12211","title":{"rendered":"Lewin sobre la hora extra de clases: \u00abLa medida tiende a mejorar el nivel educativo\u00bb"},"content":{"rendered":"<\/p>\n<p>La experta en educaci\u00f3n asegur\u00f3 que los chicos tambi\u00e9n necesitan tiempo de ocio y que hace falta m\u00e1s tiempo para profundizar en la mejora de la ense\u00f1anza. <a href=\"https:\/\/www.perfil.com\/noticias\/reperfilar\/lewin-sobre-la-hora-extra-de-clases-la-medida-tiende-a-mejorar-el-nivel-educativo.phtml\">Leer m\u00e1s<\/a><\/p>\n","protected":false},"excerpt":{"rendered":"<p>La experta en educaci\u00f3n asegur\u00f3 que los chicos tambi\u00e9n necesitan tiempo de ocio y que hace falta m\u00e1s tiempo para profundizar en la mejora de la ense\u00f1anza. Leer m\u00e1s<\/p>\n","protected":false},"author":0,"featured_media":0,"comment_status":"","ping_status":"","sticky":false,"template":"","format":"standard","meta":{"footnotes":""},"categories":[1],"tags":[],"class_list":["post-12211","post","type-post","status-publish","format-standard","hentry","category-sin-categoria"],"_links":{"self":[{"href":"http:\/\/fmdelpueblo.ar\/index.php?rest_route=\/wp\/v2\/posts\/12211","targetHints":{"allow":["GET"]}}],"collection":[{"href":"http:\/\/fmdelpueblo.ar\/index.php?rest_route=\/wp\/v2\/posts"}],"about":[{"href":"http:\/\/fmdelpueblo.ar\/index.php?rest_route=\/wp\/v2\/types\/post"}],"replies":[{"embeddable":true,"href":"http:\/\/fmdelpueblo.ar\/index.php?rest_route=%2Fwp%2Fv2%2Fcomments&post=12211"}],"version-history":[{"count":0,"href":"http:\/\/fmdelpueblo.ar\/index.php?rest_route=\/wp\/v2\/posts\/12211\/revisions"}],"wp:attachment":[{"href":"http:\/\/fmdelpueblo.ar\/index.php?rest_route=%2Fwp%2Fv2%2Fmedia&parent=12211"}],"wp:term":[{"taxonomy":"category","embeddable":true,"href":"http:\/\/fmdelpueblo.ar\/index.php?rest_route=%2Fwp%2Fv2%2Fcategories&post=12211"},{"taxonomy":"post_tag","embeddable":true,"href":"http:\/\/fmdelpueblo.ar\/index.php?rest_route=%2Fwp%2Fv2%2Ftags&post=12211"}],"curies":[{"name":"wp","href":"https:\/\/api.w.org\/{rel}","templated":true}]}}