{"id":12207,"date":"2022-04-06T23:10:42","date_gmt":"2022-04-06T23:10:42","guid":{"rendered":"https:\/\/fmdelpueblo.ar\/?p=12207"},"modified":"2022-04-06T23:10:42","modified_gmt":"2022-04-06T23:10:42","slug":"subastaron-los-bienes-de-un-capo-narco-pero-solo-pudieron-vender-un-campo","status":"publish","type":"post","link":"http:\/\/fmdelpueblo.ar\/?p=12207","title":{"rendered":"Subastaron los bienes de un capo narco, pero solo pudieron vender un campo"},"content":{"rendered":"<\/p>\n<p>Las ocho propiedades hab\u00edan pertenecido a Esteban Alvarado, jefe de una organizaci\u00f3n criminal que est\u00e1 siendo juzgado en Rosario. <a href=\"https:\/\/www.perfil.com\/noticias\/sociedad\/subastaron-los-bienes-de-un-capo-narco-pero-solo-pudieron-vender-un-campo.phtml\">Leer m\u00e1s<\/a><\/p>\n","protected":false},"excerpt":{"rendered":"<p>Las ocho propiedades hab\u00edan pertenecido a Esteban Alvarado, jefe de una organizaci\u00f3n criminal que est\u00e1 siendo juzgado en Rosario. Leer m\u00e1s<\/p>\n","protected":false},"author":0,"featured_media":0,"comment_status":"","ping_status":"","sticky":false,"template":"","format":"standard","meta":{"footnotes":""},"categories":[1],"tags":[],"class_list":["post-12207","post","type-post","status-publish","format-standard","hentry","category-sin-categoria"],"_links":{"self":[{"href":"http:\/\/fmdelpueblo.ar\/index.php?rest_route=\/wp\/v2\/posts\/12207","targetHints":{"allow":["GET"]}}],"collection":[{"href":"http:\/\/fmdelpueblo.ar\/index.php?rest_route=\/wp\/v2\/posts"}],"about":[{"href":"http:\/\/fmdelpueblo.ar\/index.php?rest_route=\/wp\/v2\/types\/post"}],"replies":[{"embeddable":true,"href":"http:\/\/fmdelpueblo.ar\/index.php?rest_route=%2Fwp%2Fv2%2Fcomments&post=12207"}],"version-history":[{"count":0,"href":"http:\/\/fmdelpueblo.ar\/index.php?rest_route=\/wp\/v2\/posts\/12207\/revisions"}],"wp:attachment":[{"href":"http:\/\/fmdelpueblo.ar\/index.php?rest_route=%2Fwp%2Fv2%2Fmedia&parent=12207"}],"wp:term":[{"taxonomy":"category","embeddable":true,"href":"http:\/\/fmdelpueblo.ar\/index.php?rest_route=%2Fwp%2Fv2%2Fcategories&post=12207"},{"taxonomy":"post_tag","embeddable":true,"href":"http:\/\/fmdelpueblo.ar\/index.php?rest_route=%2Fwp%2Fv2%2Ftags&post=12207"}],"curies":[{"name":"wp","href":"https:\/\/api.w.org\/{rel}","templated":true}]}}