{"id":12205,"date":"2022-04-06T23:10:42","date_gmt":"2022-04-06T23:10:42","guid":{"rendered":"https:\/\/fmdelpueblo.ar\/?p=12205"},"modified":"2022-04-06T23:10:42","modified_gmt":"2022-04-06T23:10:42","slug":"oscar-parrilli-dijo-que-durante-el-kirchnerismo-hubo-mas-nacimientos-porque-habia-esperanza","status":"publish","type":"post","link":"http:\/\/fmdelpueblo.ar\/?p=12205","title":{"rendered":"Oscar Parrilli dijo que durante el kirchnerismo hubo m\u00e1s nacimientos \u201cporque hab\u00eda esperanza\u201d"},"content":{"rendered":"<\/p>\n<p>\u00abEs un dato absolutamente objetivo\u00bb, afirm\u00f3 el senador nacional mientras defend\u00eda el proyecto para crear un fondo para pagar de la deuda con el FMI con divisas fugadas al exterior. <a href=\"https:\/\/www.perfil.com\/noticias\/politica\/oscar-parrilli-dijo-que-durante-el-kirchnerismo-hubo-mas-nacimientos-porque-habia-esperanza-y-mostro-pruebas.phtml\">Leer m\u00e1s<\/a><\/p>\n","protected":false},"excerpt":{"rendered":"<p>\u00abEs un dato absolutamente objetivo\u00bb, afirm\u00f3 el senador nacional mientras defend\u00eda el proyecto para crear un fondo para pagar de la deuda con el FMI con divisas fugadas al exterior. Leer m\u00e1s<\/p>\n","protected":false},"author":0,"featured_media":0,"comment_status":"","ping_status":"","sticky":false,"template":"","format":"standard","meta":{"footnotes":""},"categories":[1],"tags":[],"class_list":["post-12205","post","type-post","status-publish","format-standard","hentry","category-sin-categoria"],"_links":{"self":[{"href":"http:\/\/fmdelpueblo.ar\/index.php?rest_route=\/wp\/v2\/posts\/12205","targetHints":{"allow":["GET"]}}],"collection":[{"href":"http:\/\/fmdelpueblo.ar\/index.php?rest_route=\/wp\/v2\/posts"}],"about":[{"href":"http:\/\/fmdelpueblo.ar\/index.php?rest_route=\/wp\/v2\/types\/post"}],"replies":[{"embeddable":true,"href":"http:\/\/fmdelpueblo.ar\/index.php?rest_route=%2Fwp%2Fv2%2Fcomments&post=12205"}],"version-history":[{"count":0,"href":"http:\/\/fmdelpueblo.ar\/index.php?rest_route=\/wp\/v2\/posts\/12205\/revisions"}],"wp:attachment":[{"href":"http:\/\/fmdelpueblo.ar\/index.php?rest_route=%2Fwp%2Fv2%2Fmedia&parent=12205"}],"wp:term":[{"taxonomy":"category","embeddable":true,"href":"http:\/\/fmdelpueblo.ar\/index.php?rest_route=%2Fwp%2Fv2%2Fcategories&post=12205"},{"taxonomy":"post_tag","embeddable":true,"href":"http:\/\/fmdelpueblo.ar\/index.php?rest_route=%2Fwp%2Fv2%2Ftags&post=12205"}],"curies":[{"name":"wp","href":"https:\/\/api.w.org\/{rel}","templated":true}]}}