{"id":12204,"date":"2022-04-06T23:10:41","date_gmt":"2022-04-06T23:10:41","guid":{"rendered":"https:\/\/fmdelpueblo.ar\/?p=12204"},"modified":"2022-04-06T23:10:41","modified_gmt":"2022-04-06T23:10:41","slug":"lousteau-y-parrilli-protagonistas-de-un-nuevo-cruce-por-el-blanqueo-k","status":"publish","type":"post","link":"http:\/\/fmdelpueblo.ar\/?p=12204","title":{"rendered":"Lousteau y Parrilli, protagonistas de un nuevo cruce por el blanqueo K"},"content":{"rendered":"<\/p>\n<p>El proyecto que apunta a constituir un fondo para la cancelaci\u00f3n de la deuda con el FMI, a partir del cobro de una al\u00edcuota para personas que no declararon sus bienes en el exterior, gener\u00f3 controversia en el arranque del debate en comisi\u00f3n. <a href=\"https:\/\/www.perfil.com\/noticias\/politica\/lousteau-y-parrilli-protagonistas-de-un-nuevo-cruce-por-el-blanqueo-k.phtml\">Leer m\u00e1s<\/a><\/p>\n","protected":false},"excerpt":{"rendered":"<p>El proyecto que apunta a constituir un fondo para la cancelaci\u00f3n de la deuda con el FMI, a partir del cobro de una al\u00edcuota para personas que no declararon sus bienes en el exterior, gener\u00f3 controversia en el arranque del debate en comisi\u00f3n. Leer m\u00e1s<\/p>\n","protected":false},"author":0,"featured_media":0,"comment_status":"","ping_status":"","sticky":false,"template":"","format":"standard","meta":{"footnotes":""},"categories":[1],"tags":[],"class_list":["post-12204","post","type-post","status-publish","format-standard","hentry","category-sin-categoria"],"_links":{"self":[{"href":"http:\/\/fmdelpueblo.ar\/index.php?rest_route=\/wp\/v2\/posts\/12204","targetHints":{"allow":["GET"]}}],"collection":[{"href":"http:\/\/fmdelpueblo.ar\/index.php?rest_route=\/wp\/v2\/posts"}],"about":[{"href":"http:\/\/fmdelpueblo.ar\/index.php?rest_route=\/wp\/v2\/types\/post"}],"replies":[{"embeddable":true,"href":"http:\/\/fmdelpueblo.ar\/index.php?rest_route=%2Fwp%2Fv2%2Fcomments&post=12204"}],"version-history":[{"count":0,"href":"http:\/\/fmdelpueblo.ar\/index.php?rest_route=\/wp\/v2\/posts\/12204\/revisions"}],"wp:attachment":[{"href":"http:\/\/fmdelpueblo.ar\/index.php?rest_route=%2Fwp%2Fv2%2Fmedia&parent=12204"}],"wp:term":[{"taxonomy":"category","embeddable":true,"href":"http:\/\/fmdelpueblo.ar\/index.php?rest_route=%2Fwp%2Fv2%2Fcategories&post=12204"},{"taxonomy":"post_tag","embeddable":true,"href":"http:\/\/fmdelpueblo.ar\/index.php?rest_route=%2Fwp%2Fv2%2Ftags&post=12204"}],"curies":[{"name":"wp","href":"https:\/\/api.w.org\/{rel}","templated":true}]}}