{"id":12202,"date":"2022-04-06T22:10:06","date_gmt":"2022-04-06T22:10:06","guid":{"rendered":"http:\/\/fmdelpueblo.ar\/?p=12202"},"modified":"2022-04-06T22:10:06","modified_gmt":"2022-04-06T22:10:06","slug":"el-intercambio-comercial-con-bolivia-volvio-a-crecer-tras-una-caida-en-2020","status":"publish","type":"post","link":"http:\/\/fmdelpueblo.ar\/?p=12202","title":{"rendered":"El intercambio comercial con Bolivia volvi\u00f3 a crecer tras una ca\u00edda en 2020"},"content":{"rendered":"<\/p>\n<p>Este jueves el presidente Alberto Fern\u00e1ndez se reunir\u00e1 con su hom\u00f3logo, Luis Arce. Se espera que en el encuentro se suscriban m\u00e1s acuerdos con el pa\u00eds trasandino.  <a href=\"https:\/\/www.perfil.com\/noticias\/economia\/el-intercambio-comercial-con-bolivia-volvio-a-crecer-tras-una-caida-en-2020.phtml\">Leer m\u00e1s<\/a><\/p>\n","protected":false},"excerpt":{"rendered":"<p>Este jueves el presidente Alberto Fern\u00e1ndez se reunir\u00e1 con su hom\u00f3logo, Luis Arce. Se espera que en el encuentro se suscriban m\u00e1s acuerdos con el pa\u00eds trasandino. Leer m\u00e1s<\/p>\n","protected":false},"author":0,"featured_media":0,"comment_status":"","ping_status":"","sticky":false,"template":"","format":"standard","meta":{"footnotes":""},"categories":[1],"tags":[],"class_list":["post-12202","post","type-post","status-publish","format-standard","hentry","category-sin-categoria"],"_links":{"self":[{"href":"http:\/\/fmdelpueblo.ar\/index.php?rest_route=\/wp\/v2\/posts\/12202","targetHints":{"allow":["GET"]}}],"collection":[{"href":"http:\/\/fmdelpueblo.ar\/index.php?rest_route=\/wp\/v2\/posts"}],"about":[{"href":"http:\/\/fmdelpueblo.ar\/index.php?rest_route=\/wp\/v2\/types\/post"}],"replies":[{"embeddable":true,"href":"http:\/\/fmdelpueblo.ar\/index.php?rest_route=%2Fwp%2Fv2%2Fcomments&post=12202"}],"version-history":[{"count":0,"href":"http:\/\/fmdelpueblo.ar\/index.php?rest_route=\/wp\/v2\/posts\/12202\/revisions"}],"wp:attachment":[{"href":"http:\/\/fmdelpueblo.ar\/index.php?rest_route=%2Fwp%2Fv2%2Fmedia&parent=12202"}],"wp:term":[{"taxonomy":"category","embeddable":true,"href":"http:\/\/fmdelpueblo.ar\/index.php?rest_route=%2Fwp%2Fv2%2Fcategories&post=12202"},{"taxonomy":"post_tag","embeddable":true,"href":"http:\/\/fmdelpueblo.ar\/index.php?rest_route=%2Fwp%2Fv2%2Ftags&post=12202"}],"curies":[{"name":"wp","href":"https:\/\/api.w.org\/{rel}","templated":true}]}}