{"id":122,"date":"2021-10-26T01:23:53","date_gmt":"2021-10-26T01:23:53","guid":{"rendered":"https:\/\/fmdelpueblo.ar\/?p=122"},"modified":"2021-10-26T01:23:53","modified_gmt":"2021-10-26T01:23:53","slug":"matias-morla-declaro-como-testigo-en-la-causa-que-investiga-la-muerte-de-maradona","status":"publish","type":"post","link":"http:\/\/fmdelpueblo.ar\/?p=122","title":{"rendered":"Mat\u00edas Morla declar\u00f3 como testigo en la causa que investiga la muerte de Maradona"},"content":{"rendered":"<\/p>\n<p>Esta declaraci\u00f3n fue la \u00faltima de una larga lista en la causa, la cual de momento cuenta con siete imputados, todos m\u00e9dicos, entre ellos el neurocirujano Leopoldo Luque y la psiquiatra Agustina Cosachov.\u00a0 <a href=\"https:\/\/www.perfil.com\/noticias\/reperfilar\/matias-morla-declaro-como-testigo-en-la-causa-que-investiga-la-muerte-de-maradona.phtml\">Leer m\u00e1s<\/a><\/p>\n","protected":false},"excerpt":{"rendered":"<p>Esta declaraci\u00f3n fue la \u00faltima de una larga lista en la causa, la cual de momento cuenta con siete imputados, todos m\u00e9dicos, entre ellos el neurocirujano Leopoldo Luque y la psiquiatra Agustina Cosachov.\u00a0 Leer m\u00e1s<\/p>\n","protected":false},"author":0,"featured_media":0,"comment_status":"","ping_status":"","sticky":false,"template":"","format":"standard","meta":{"footnotes":""},"categories":[1],"tags":[],"class_list":["post-122","post","type-post","status-publish","format-standard","hentry","category-sin-categoria"],"_links":{"self":[{"href":"http:\/\/fmdelpueblo.ar\/index.php?rest_route=\/wp\/v2\/posts\/122","targetHints":{"allow":["GET"]}}],"collection":[{"href":"http:\/\/fmdelpueblo.ar\/index.php?rest_route=\/wp\/v2\/posts"}],"about":[{"href":"http:\/\/fmdelpueblo.ar\/index.php?rest_route=\/wp\/v2\/types\/post"}],"replies":[{"embeddable":true,"href":"http:\/\/fmdelpueblo.ar\/index.php?rest_route=%2Fwp%2Fv2%2Fcomments&post=122"}],"version-history":[{"count":0,"href":"http:\/\/fmdelpueblo.ar\/index.php?rest_route=\/wp\/v2\/posts\/122\/revisions"}],"wp:attachment":[{"href":"http:\/\/fmdelpueblo.ar\/index.php?rest_route=%2Fwp%2Fv2%2Fmedia&parent=122"}],"wp:term":[{"taxonomy":"category","embeddable":true,"href":"http:\/\/fmdelpueblo.ar\/index.php?rest_route=%2Fwp%2Fv2%2Fcategories&post=122"},{"taxonomy":"post_tag","embeddable":true,"href":"http:\/\/fmdelpueblo.ar\/index.php?rest_route=%2Fwp%2Fv2%2Ftags&post=122"}],"curies":[{"name":"wp","href":"https:\/\/api.w.org\/{rel}","templated":true}]}}