{"id":12198,"date":"2022-04-06T21:15:44","date_gmt":"2022-04-06T21:15:44","guid":{"rendered":"https:\/\/fmdelpueblo.ar\/?p=12198"},"modified":"2022-04-06T21:15:44","modified_gmt":"2022-04-06T21:15:44","slug":"genio-violento-activistas-feministas-denunciaron-a-pablo-picasso-por-misogino","status":"publish","type":"post","link":"http:\/\/fmdelpueblo.ar\/?p=12198","title":{"rendered":"\u00abGenio violento\u00bb: activistas feministas denunciaron a Pablo Picasso por mis\u00f3gino"},"content":{"rendered":"<\/p>\n<p>El pintor espa\u00f1ol volvi\u00f3 al foco de la escena luego de que un grupo de feministas apuntaran contra el artista por haber \u00abdestrozado\u201d la vida de sus parejas, lo que motiv\u00f3 una revisi\u00f3n hist\u00f3rica de la figura del artista en varios espacios culturales. <a href=\"https:\/\/www.perfil.com\/noticias\/actualidad\/genio-violento-activistas-feministas-denuncian-a-pablo-picasso-por-misogino.phtml\">Leer m\u00e1s<\/a><\/p>\n","protected":false},"excerpt":{"rendered":"<p>El pintor espa\u00f1ol volvi\u00f3 al foco de la escena luego de que un grupo de feministas apuntaran contra el artista por haber \u00abdestrozado\u201d la vida de sus parejas, lo que motiv\u00f3 una revisi\u00f3n hist\u00f3rica de la figura del artista en varios espacios culturales. Leer m\u00e1s<\/p>\n","protected":false},"author":0,"featured_media":0,"comment_status":"","ping_status":"","sticky":false,"template":"","format":"standard","meta":{"footnotes":""},"categories":[1],"tags":[],"class_list":["post-12198","post","type-post","status-publish","format-standard","hentry","category-sin-categoria"],"_links":{"self":[{"href":"http:\/\/fmdelpueblo.ar\/index.php?rest_route=\/wp\/v2\/posts\/12198","targetHints":{"allow":["GET"]}}],"collection":[{"href":"http:\/\/fmdelpueblo.ar\/index.php?rest_route=\/wp\/v2\/posts"}],"about":[{"href":"http:\/\/fmdelpueblo.ar\/index.php?rest_route=\/wp\/v2\/types\/post"}],"replies":[{"embeddable":true,"href":"http:\/\/fmdelpueblo.ar\/index.php?rest_route=%2Fwp%2Fv2%2Fcomments&post=12198"}],"version-history":[{"count":0,"href":"http:\/\/fmdelpueblo.ar\/index.php?rest_route=\/wp\/v2\/posts\/12198\/revisions"}],"wp:attachment":[{"href":"http:\/\/fmdelpueblo.ar\/index.php?rest_route=%2Fwp%2Fv2%2Fmedia&parent=12198"}],"wp:term":[{"taxonomy":"category","embeddable":true,"href":"http:\/\/fmdelpueblo.ar\/index.php?rest_route=%2Fwp%2Fv2%2Fcategories&post=12198"},{"taxonomy":"post_tag","embeddable":true,"href":"http:\/\/fmdelpueblo.ar\/index.php?rest_route=%2Fwp%2Fv2%2Ftags&post=12198"}],"curies":[{"name":"wp","href":"https:\/\/api.w.org\/{rel}","templated":true}]}}